{"id":53603,"date":"2025-01-13T08:13:00","date_gmt":"2025-01-13T11:13:00","guid":{"rendered":"https:\/\/www.radiopresidenteibanez.cl\/web\/?p=53603"},"modified":"2025-01-13T09:30:20","modified_gmt":"2025-01-13T12:30:20","slug":"boletin-informativo-matinal-orbe-34","status":"publish","type":"post","link":"https:\/\/www.radiopresidenteibanez.cl\/web\/boletin-informativo-matinal-orbe-34\/","title":{"rendered":"Boletin Informativo Matinal ORBE"},"content":{"rendered":"\n<p>SANTIAGO.- El ministro de Justicia, Jaime Gajardo, descart\u00f3<br>la posibilidad de ampliar el anexo penitenciario Capit\u00e1n<br>Y\u00e1ber, pese a la creciente demanda de recintos carcelarios<br>para imputados de alta connotaci\u00f3n p\u00fablica. Gajardo explic\u00f3<br>que \u00abnuestro foco est\u00e1 en mejorar las condiciones generales<br>de los establecimientos penitenciarios para hacer frente al<br>grave problema de sobrepoblaci\u00f3n\u00bb, mediante la construcci\u00f3n y<br>ampliaci\u00f3n de prisiones en otras regiones del pa\u00eds.<\/p>\n\n\n\n<p>SANTIAGO.- En el marco de la realizaci\u00f3n del Congreso Futuro<br>2025, el vicepresidente ejecutivo de la Fundaci\u00f3n Encuentros<br>del Futuro Guido Girardi manifest\u00f3 que \u00abChile podr\u00eda salvar<br>el planeta\u00bb, si es que decide optar por una pol\u00edtica de<br>reemplazo de los combustibles f\u00f3siles. Girardi sostuvo que<br>\u00abChile tiene el mayor potencial del mundo en energ\u00eda solar y<br>e\u00f3lica\u00bb, y que podr\u00eda ser \u00abla Arabia Saudita del futuro\u00bb<br>generando energ\u00eda solar, e\u00f3lica e hidr\u00f3geno verde.<\/p>\n\n\n\n<p>SANTIAGO.- Una banda delictual rob\u00f3 dos veh\u00edculos durante<br>esta madrugada en las comunas de Lo Espejo y Maip\u00fa, Regi\u00f3n<br>Metropolitana. Durante el \u00faltimo atraco, seis individuos<br>amenazaron a una madre y a sus hijos menores de edad. El<br>capit\u00e1n Pablo Salazar, oficial de ronda de la Prefectura<br>Rinconada, explic\u00f3 que Carabineros realiz\u00f3 patrullajes por<br>distintas comunas y recuper\u00f3 el primero de los veh\u00edculos<br>sustra\u00eddos.<\/p>\n\n\n\n<p>SANTIAGO.- El mejor gimnasta chileno de la historia, Tom\u00e1s<br>Gonz\u00e1lez, dej\u00f3 ver su intenci\u00f3n de volver a la actividad,<br>tras los Juegos Ol\u00edmpicos de Tokio 2020. Gonz\u00e1lez afirm\u00f3 que<br>\u00abquiz\u00e1s vuelva para algunas fechas de las Copas del Mundo,<br>ah\u00ed tengo que empezar a darle vueltas porque el ambiente de<br>la gimnasia en Chile es complejo. Habr\u00e1 gente que me va a<br>hacer la vida imposible, por as\u00ed decirlo. Entonces, tengo que<br>ver a qui\u00e9n anota la Federaci\u00f3n\u00bb.<\/p>\n","protected":false},"excerpt":{"rendered":"<p>SANTIAGO.- El ministro de Justicia, Jaime Gajardo, descart\u00f3la posibilidad de ampliar el anexo penitenciario Capit\u00e1nY\u00e1ber, pese a la creciente demanda de recintos carcelariospara imputados de alta connotaci\u00f3n p\u00fablica. Gajardo explic\u00f3que&#8230; <a class=\"read-more\" href=\"https:\/\/www.radiopresidenteibanez.cl\/web\/boletin-informativo-matinal-orbe-34\/\">Leer m\u00e1s<\/a><\/p>\n","protected":false},"author":2,"featured_media":53604,"comment_status":"closed","ping_status":"closed","sticky":false,"template":"","format":"standard","meta":{"footnotes":""},"categories":[1],"tags":[],"class_list":["post-53603","post","type-post","status-publish","format-standard","has-post-thumbnail","hentry","category-cronica"],"_links":{"self":[{"href":"https:\/\/www.radiopresidenteibanez.cl\/web\/wp-json\/wp\/v2\/posts\/53603","targetHints":{"allow":["GET"]}}],"collection":[{"href":"https:\/\/www.radiopresidenteibanez.cl\/web\/wp-json\/wp\/v2\/posts"}],"about":[{"href":"https:\/\/www.radiopresidenteibanez.cl\/web\/wp-json\/wp\/v2\/types\/post"}],"author":[{"embeddable":true,"href":"https:\/\/www.radiopresidenteibanez.cl\/web\/wp-json\/wp\/v2\/users\/2"}],"replies":[{"embeddable":true,"href":"https:\/\/www.radiopresidenteibanez.cl\/web\/wp-json\/wp\/v2\/comments?post=53603"}],"version-history":[{"count":0,"href":"https:\/\/www.radiopresidenteibanez.cl\/web\/wp-json\/wp\/v2\/posts\/53603\/revisions"}],"wp:featuredmedia":[{"embeddable":true,"href":"https:\/\/www.radiopresidenteibanez.cl\/web\/wp-json\/wp\/v2\/media\/53604"}],"wp:attachment":[{"href":"https:\/\/www.radiopresidenteibanez.cl\/web\/wp-json\/wp\/v2\/media?parent=53603"}],"wp:term":[{"taxonomy":"category","embeddable":true,"href":"https:\/\/www.radiopresidenteibanez.cl\/web\/wp-json\/wp\/v2\/categories?post=53603"},{"taxonomy":"post_tag","embeddable":true,"href":"https:\/\/www.radiopresidenteibanez.cl\/web\/wp-json\/wp\/v2\/tags?post=53603"}],"curies":[{"name":"wp","href":"https:\/\/api.w.org\/{rel}","templated":true}]}}