{"id":53578,"date":"2025-01-10T16:49:00","date_gmt":"2025-01-10T19:49:00","guid":{"rendered":"https:\/\/www.radiopresidenteibanez.cl\/web\/?p=53578"},"modified":"2025-01-10T10:46:22","modified_gmt":"2025-01-10T13:46:22","slug":"seremis-de-salud-y-economia-refuerzan-entrega-de-informacion-de-marea-roja-para-turistas-que-utilizan-rent-a-car-en-la-region","status":"publish","type":"post","link":"https:\/\/www.radiopresidenteibanez.cl\/web\/seremis-de-salud-y-economia-refuerzan-entrega-de-informacion-de-marea-roja-para-turistas-que-utilizan-rent-a-car-en-la-region\/","title":{"rendered":"SEREMIS DE SALUD Y ECONOM\u00cdA REFUERZAN ENTREGA DE INFORMACI\u00d3N DE MAREA ROJA PARA TURISTAS QUE UTILIZAN RENT A CAR EN LA REGI\u00d3N"},"content":{"rendered":"\n<p>Cada a\u00f1o son miles de turistas que visitan la regi\u00f3n de Magallanes durante la \u00e9poca del verano. Un porcentaje de ellos utiliza el sistema de Rent a Car para recorrer nuestra zona, y es por eso que las Secretar\u00edas Regionales Ministeriales de Salud y de Econom\u00eda comenzaron la distribuci\u00f3n de material educativo de marea roja en espa\u00f1ol e ingl\u00e9s para potenciar esta campa\u00f1a preventiva y as\u00ed aumentar el conocimiento en los turistas nacionales y extranjeros sobre este fen\u00f3meno.<br>Con este fin, la Seremi de Salud, Francisca Sanfuentes, y la Seremi de Econom\u00eda, Marlene Espa\u00f1a, junto a profesionales de la Autoridad Sanitaria, concurrieron a la empresa Econorent para distribuir material con informaci\u00f3n sobre marea roja, c\u00f3mo se presenta en el territorio mar\u00edtimo, detecci\u00f3n , los s\u00edntomas y medidas preventivas.<br>La Seremi Francisca Sanfuentes explic\u00f3 que: \u201cEste a\u00f1o en el contexto de la Campa\u00f1a de Verano, estamos con estas actividades de prevenci\u00f3n de la marea roja y una de las de las cosas que hacemos es la distribuci\u00f3n de material informativo en distintos lugares de la regi\u00f3n. En este caso, en los Rent a Car porque es un punto de contacto con los turistas nacionales y extranjeros que vienen a nuestra regi\u00f3n, que la van a recorrer en auto y que van a estar accediendo a las costas de nuestra regi\u00f3n, para que manejen la informaci\u00f3n de los riesgos que implica la marea roja, qu\u00e9 significa y todas las orientaciones en relaci\u00f3n a d\u00f3nde adquirir, comprar y consumir mariscos que est\u00e9n debidamente certificados por los laboratorios de la SEREMI de Salud\u201d.<br>Agreg\u00f3 que existe una buena llegada con todo el rubro de turismo como restaurantes, hostales, medios de transportes en general, \u201clos cuales nos apoyan en estas campa\u00f1as preventivas y nos permiten llegar a los turistas que acceden a nuestra regi\u00f3n\u201d.<br>La Seremi Marlene Espa\u00f1a, se\u00f1al\u00f3 que \u201cdesde el punto de vista tur\u00edstico, como Seremi de Econom\u00eda es sumamente importante para nosotros que el turista tenga toda la informaci\u00f3n a la mano, de manera de asegurarnos de que sea un destino seguro y que no sea un problema para el turista, por simplemente desconocimiento de la existencia de la marea roja\u201d.<br>Enfatiz\u00f3 que existe un trabajo de difusi\u00f3n por parte de todos los operadores que les interesa cuidar el destino tur\u00edstico y que \u00e9ste sea amable y generoso de recibir a los turistas con toda la informaci\u00f3n pertinente. \u201cEs importante destacar que la comunidad en general debiera tomar conciencia de optar siempre por lugares establecidos, donde nosotros tenemos la seguridad de que la toda la producci\u00f3n y la oferta disponible cuente con los an\u00e1lisis de laboratorio pertinente\u201d.<\/p>\n\n\n\n<p>Respecto a la marea roja en Magallanes, la Seremi Sanfuentes record\u00f3 que su presencia es una realidad permanente en nuestra regi\u00f3n. \u201cVa variando a\u00f1o a a\u00f1o durante las temporadas, los lugares donde se ubica y las cantidades de toxinas que pueden tener estos mariscos. Nosotros mantenemos una vigilancia permanente en conjunto con Econom\u00eda, a trav\u00e9s del Instituto de Fomento Pesquero (IFOP), de esa manera poder ir abriendo y cerrando \u00e1reas para la extracci\u00f3n comercial de producto. A esto se suma, nuestro monitoreo de borde costero\u201d<br>La encargada del Programa Marea Roja, Paulina Solar, respecto a la situaci\u00f3n actual de este fen\u00f3meno, explic\u00f3 que: \u201cObservamos un aumento de la floraci\u00f3n en el sector norte de la regi\u00f3n, en la provincia \u00daltima Esperanza, generando un incremento en los niveles de la toxina. No ha llegado a niveles de cierres a\u00fan, pero se est\u00e1 viendo conflictiva esa parte de la regi\u00f3n\u201d.<br>Pedro Santander, como jefe regional de Econorent en Punta Arenas, manifest\u00f3 que es importante enfocarse en el turista extranjero y en el turista nacional que no es de la regi\u00f3n, porque si uno habla de marea roja en otros lugares del pa\u00eds, muchos no conocen de que se trata porque no esta presente en sus territorios. Por eso valor\u00f3 que se pueda abordar tanto a los viajeros nacionales y extranjeros.<br>Una de las usuarias de este Rent a Car, Rosal\u00eda Hormaz\u00e1bal, quien reside en Florida en Estados Unidos y se encuentra visitando a familiares de la regi\u00f3n, valor\u00f3 esta iniciativa. \u201cEs important\u00edsimo, sobre todo para la gente que viene de afuera, porque les informan de algo que ellos ni siquiera tienen informaci\u00f3n. Yo hace treinta a\u00f1os viv\u00eda ac\u00e1 y fue cuando esto reci\u00e9n empez\u00f3, y como no hab\u00eda mucha informaci\u00f3n, pasaban m\u00e1s accidentes que ahora, pero igual sobre todo el extranjero que viene de afuera, no sabe ni siquiera lo que significa la marea roja, entonces es importante que ellos est\u00e9n al tanto de todo para que no sufran ning\u00fan problema de salud\u201d.<\/p>\n\n\n\n<p><\/p>\n","protected":false},"excerpt":{"rendered":"<p>Cada a\u00f1o son miles de turistas que visitan la regi\u00f3n de Magallanes durante la \u00e9poca del verano. Un porcentaje de ellos utiliza el sistema de Rent a Car para recorrer&#8230; <a class=\"read-more\" href=\"https:\/\/www.radiopresidenteibanez.cl\/web\/seremis-de-salud-y-economia-refuerzan-entrega-de-informacion-de-marea-roja-para-turistas-que-utilizan-rent-a-car-en-la-region\/\">Leer m\u00e1s<\/a><\/p>\n","protected":false},"author":2,"featured_media":53579,"comment_status":"closed","ping_status":"closed","sticky":false,"template":"","format":"standard","meta":{"footnotes":""},"categories":[1],"tags":[],"class_list":["post-53578","post","type-post","status-publish","format-standard","has-post-thumbnail","hentry","category-cronica"],"_links":{"self":[{"href":"https:\/\/www.radiopresidenteibanez.cl\/web\/wp-json\/wp\/v2\/posts\/53578","targetHints":{"allow":["GET"]}}],"collection":[{"href":"https:\/\/www.radiopresidenteibanez.cl\/web\/wp-json\/wp\/v2\/posts"}],"about":[{"href":"https:\/\/www.radiopresidenteibanez.cl\/web\/wp-json\/wp\/v2\/types\/post"}],"author":[{"embeddable":true,"href":"https:\/\/www.radiopresidenteibanez.cl\/web\/wp-json\/wp\/v2\/users\/2"}],"replies":[{"embeddable":true,"href":"https:\/\/www.radiopresidenteibanez.cl\/web\/wp-json\/wp\/v2\/comments?post=53578"}],"version-history":[{"count":0,"href":"https:\/\/www.radiopresidenteibanez.cl\/web\/wp-json\/wp\/v2\/posts\/53578\/revisions"}],"wp:featuredmedia":[{"embeddable":true,"href":"https:\/\/www.radiopresidenteibanez.cl\/web\/wp-json\/wp\/v2\/media\/53579"}],"wp:attachment":[{"href":"https:\/\/www.radiopresidenteibanez.cl\/web\/wp-json\/wp\/v2\/media?parent=53578"}],"wp:term":[{"taxonomy":"category","embeddable":true,"href":"https:\/\/www.radiopresidenteibanez.cl\/web\/wp-json\/wp\/v2\/categories?post=53578"},{"taxonomy":"post_tag","embeddable":true,"href":"https:\/\/www.radiopresidenteibanez.cl\/web\/wp-json\/wp\/v2\/tags?post=53578"}],"curies":[{"name":"wp","href":"https:\/\/api.w.org\/{rel}","templated":true}]}}