{"id":53575,"date":"2025-01-10T16:07:00","date_gmt":"2025-01-10T19:07:00","guid":{"rendered":"https:\/\/www.radiopresidenteibanez.cl\/web\/?p=53575"},"modified":"2025-01-10T10:36:35","modified_gmt":"2025-01-10T13:36:35","slug":"punta-arenas-sera-epicentro-de-la-divulgacion-de-la-ciencia-en-una-nueva-version-del-congreso-futuro","status":"publish","type":"post","link":"https:\/\/www.radiopresidenteibanez.cl\/web\/punta-arenas-sera-epicentro-de-la-divulgacion-de-la-ciencia-en-una-nueva-version-del-congreso-futuro\/","title":{"rendered":"Punta Arenas ser\u00e1 epicentro de la divulgaci\u00f3n de la ciencia en una nueva versi\u00f3n del Congreso Futuro"},"content":{"rendered":"\n<p>La regi\u00f3n m\u00e1s austral del pa\u00eds se prepara para recibir una nueva edici\u00f3n del Congreso Futuro, considerado el evento de divulgaci\u00f3n cient\u00edfica y de conocimiento m\u00e1s relevante de Latinoam\u00e9rica. Con el lema <strong>\u201c\u00bfQu\u00e9 humanidad queremos ser?\u201d<\/strong>, la actividad se realizar\u00e1 de norte a sur, en las diferentes regiones, del 13 al 18 de enero, ofreciendo un espacio e invitando a la comunidad a reflexionar sobre los retos de la tecnolog\u00eda, la ciencia y el futuro de nuestra sociedad.<\/p>\n\n\n\n<p>Punta Arenas, la capital regional, abre el encuentro el lunes 13 de enero en la Universidad de Magallanes (UMAG), casa de estudios que forma parte de la organizaci\u00f3n local como parte de una alianza con la Comisi\u00f3n Desaf\u00edos del Futuro del Senado de Chile y el Instituto Ant\u00e1rtico Chileno (INACH). De esta forma, el evento se realizar\u00e1 en el Auditorio Ernesto Livacic (Av. Bulnes 0855) a partir de las 10.00 horas con un programa cargado de expositores de renombre en diversas \u00e1reas del conocimiento.<\/p>\n\n\n\n<p>Al reflexionar sobre el lema de este a\u00f1o, el rector Jos\u00e9 Maripani, dijo que es una pregunta atingente a los tiempos actuales, donde se est\u00e1 desarrollando una herramienta que no es humana como es la inteligencia artificial. \u201cEsto debiera llevarnos a reflexionar en t\u00e9rminos de qu\u00e9 podemos hacer nosotros como humanos frente a este tipo de inteligencia, c\u00f3mo van a quedar algunos tipos de trabajo, especialmente, en el mundo occidental\u201d, se\u00f1al\u00f3.<\/p>\n\n\n\n<p>Pensando en la regi\u00f3n de Magallanes y de la Ant\u00e1rtica Chilena, en tanto, coment\u00f3 que \u201cnuestra cercan\u00eda al continente ant\u00e1rtico tambi\u00e9n nos lleva a repensar c\u00f3mo el ser humano va a intervenir ese Continente Blanco, que de alguna manera est\u00e1 lleno de recursos, pero tambi\u00e9n est\u00e1 lleno de vida. \u00bfC\u00f3mo vamos a hacer para preservar ese continente como un lugar de paz y ciencia ?\u201d.<\/p>\n\n\n\n<p>A su vez, Gino Casassa, director nacional del INACH, mencion\u00f3 la importancia de realizar este encuentro cient\u00edfico con investigadores de primer nivel en Punta Arenas, ciudad puerta de entrada a la Ant\u00e1rtica, como recientemente fue ratificado por la visita presidencial al Polo Sur y el zarpe del rompehielos \u00d3scar Viel.&nbsp;&nbsp;<\/p>\n\n\n\n<p>\u201cTal como lo ha expresado nuestro Presidente de la Rep\u00fablica en su reciente viaje al Polo Sur, donde particip\u00f3 una delegaci\u00f3n de tres cient\u00edficos del INACH. Chile tiene el total compromiso contra\u00eddo como signatario original del Tratado Ant\u00e1rtico de no permitir no solo la explotaci\u00f3n, sino tambi\u00e9n la exploraci\u00f3n de recursos minerales y de esta manera preservar el Continente para la ciencia, la paz y la colaboraci\u00f3n internacional\u201d, destac\u00f3.&nbsp;<\/p>\n\n\n\n<p><strong>Divulgaci\u00f3n de alcance global<\/strong><\/p>\n\n\n\n<p>La parrilla local de alcance global contar\u00e1 con la participaci\u00f3n de <strong>Cassandra Brooks,<\/strong> investigadora y profesora adjunta de Estudios Ambientales en la Universidad de Colorado Boulder. Su charla abordar\u00e1 los desaf\u00edos geopol\u00edticos en el \u00e1mbito ant\u00e1rtico.<strong>&nbsp;<\/strong><\/p>\n\n\n\n<p>Tambi\u00e9n estar\u00e1 el<strong> <\/strong>experto en rob\u00f3tica, inteligencia artificial y \u00e9tica de la Universidad de la Sorbona, Francia,<strong> Raja Chatila<\/strong>, quien a trav\u00e9s de su exposici\u00f3n hablar\u00e1 sobre el impacto de la IA en la humanidad y las normas \u00e9ticas para su desarrollo.<\/p>\n\n\n\n<p>Las representantes magall\u00e1nicas ser\u00e1n, en tanto, la paleont\u00f3loga, <strong>Judith Pardo,<\/strong> profesora asociada del Centro de Investigaci\u00f3n GAIA-Ant\u00e1rtica (CIGA) de la UMAG, cuya exposici\u00f3n versar\u00e1 sobre las investigaciones con ictiosaurios que ha liderado en Magallanes y en el norte de Chile y; <strong>Patricia Maldonado,<\/strong> acad\u00e9mica de la Facultad de Ingenier\u00eda del mismo plantel y subdirectora del Proyecto Ingenier\u00eda 2030, quien compartir\u00e1 su visi\u00f3n sobre innovaci\u00f3n en la educaci\u00f3n y la tecnolog\u00eda.<\/p>\n\n\n\n<p><strong>Abierto a toda la comunidad<\/strong><\/p>\n\n\n\n<p>La actividad es completamente gratuita y abierta a todo p\u00fablico. Para quienes no puedan asistir de manera presencial, ser\u00e1 transmitida por el canal de YouTube de la se\u00f1al universitaria <a href=\"https:\/\/www.youtube.com\/watch?v=32otuoaSM7Q\" target=\"_blank\" rel=\"noreferrer noopener\">UMAG TV<\/a> y\/o su sitio web <a href=\"http:\/\/www.umagtv.cl\/\" target=\"_blank\" rel=\"noreferrer noopener\">www.umagtv.cl<\/a><\/p>\n\n\n\n<p>Desde su inicio en 2016, Congreso Futuro se ha consolidado como un espacio de encuentro entre la ciencia, la tecnolog\u00eda y la sociedad, fomentando el di\u00e1logo sobre los desaf\u00edos del porvenir. En su decimocuarta versi\u00f3n, el evento busca nuevamente inspirar a las comunidades locales y globales a reflexionar sobre el rumbo de la humanidad.<\/p>\n","protected":false},"excerpt":{"rendered":"<p>La regi\u00f3n m\u00e1s austral del pa\u00eds se prepara para recibir una nueva edici\u00f3n del Congreso Futuro, considerado el evento de divulgaci\u00f3n cient\u00edfica y de conocimiento m\u00e1s relevante de Latinoam\u00e9rica. Con&#8230; <a class=\"read-more\" href=\"https:\/\/www.radiopresidenteibanez.cl\/web\/punta-arenas-sera-epicentro-de-la-divulgacion-de-la-ciencia-en-una-nueva-version-del-congreso-futuro\/\">Leer m\u00e1s<\/a><\/p>\n","protected":false},"author":2,"featured_media":53576,"comment_status":"closed","ping_status":"closed","sticky":false,"template":"","format":"standard","meta":{"footnotes":""},"categories":[1],"tags":[],"class_list":["post-53575","post","type-post","status-publish","format-standard","has-post-thumbnail","hentry","category-cronica"],"_links":{"self":[{"href":"https:\/\/www.radiopresidenteibanez.cl\/web\/wp-json\/wp\/v2\/posts\/53575","targetHints":{"allow":["GET"]}}],"collection":[{"href":"https:\/\/www.radiopresidenteibanez.cl\/web\/wp-json\/wp\/v2\/posts"}],"about":[{"href":"https:\/\/www.radiopresidenteibanez.cl\/web\/wp-json\/wp\/v2\/types\/post"}],"author":[{"embeddable":true,"href":"https:\/\/www.radiopresidenteibanez.cl\/web\/wp-json\/wp\/v2\/users\/2"}],"replies":[{"embeddable":true,"href":"https:\/\/www.radiopresidenteibanez.cl\/web\/wp-json\/wp\/v2\/comments?post=53575"}],"version-history":[{"count":0,"href":"https:\/\/www.radiopresidenteibanez.cl\/web\/wp-json\/wp\/v2\/posts\/53575\/revisions"}],"wp:featuredmedia":[{"embeddable":true,"href":"https:\/\/www.radiopresidenteibanez.cl\/web\/wp-json\/wp\/v2\/media\/53576"}],"wp:attachment":[{"href":"https:\/\/www.radiopresidenteibanez.cl\/web\/wp-json\/wp\/v2\/media?parent=53575"}],"wp:term":[{"taxonomy":"category","embeddable":true,"href":"https:\/\/www.radiopresidenteibanez.cl\/web\/wp-json\/wp\/v2\/categories?post=53575"},{"taxonomy":"post_tag","embeddable":true,"href":"https:\/\/www.radiopresidenteibanez.cl\/web\/wp-json\/wp\/v2\/tags?post=53575"}],"curies":[{"name":"wp","href":"https:\/\/api.w.org\/{rel}","templated":true}]}}