{"id":53572,"date":"2025-01-10T14:39:00","date_gmt":"2025-01-10T17:39:00","guid":{"rendered":"https:\/\/www.radiopresidenteibanez.cl\/web\/?p=53572"},"modified":"2025-01-10T10:33:10","modified_gmt":"2025-01-10T13:33:10","slug":"la-montana-luchando-esta-la-pradera-sera-feliz-que-bajemos-a-la-ciudad-trayendo-la-libertad-canta-dean-reed","status":"publish","type":"post","link":"https:\/\/www.radiopresidenteibanez.cl\/web\/la-montana-luchando-esta-la-pradera-sera-feliz-que-bajemos-a-la-ciudad-trayendo-la-libertad-canta-dean-reed\/","title":{"rendered":"La monta\u00f1a luchando est\u00e1 la pradera ser\u00e1 feliz que bajemos a la ciudad trayendo la libertad..\u00bb canta Dean Reed"},"content":{"rendered":"\n<p>Siempre hemos cre\u00eddo que esta pelea contra el sistema no la gana nadie solo. Estamos y estaremos por la m\u00e1s amplia UNIDAD, pero de la misma manera somos categ\u00f3ricos en decir que no creemos en la UNIDAD que nos ofrecen los que nada hacen por ella.<br>No creemos en un trabajo unitario con quienes se acomodaron al ritmo que les puso el sistema y solo se dedican a instalar \u00abmesas\u00bb que sirven para cualquier cosa, menos para avanzar en la concreci\u00f3n de las demandas.<br>No creemos en los que convocan a la movilizaci\u00f3n y luego la utilizan para mejorar la negociaci\u00f3n con el gobierno y los empresarios, sacando leyes pobres que no ayudan a nada.<br>No estamos por los acuerdos ni las soluciones de parche a espaldas de la organizaci\u00f3n.<br>Eso es lo que nos est\u00e1 destruyendo como movimiento.<\/p>\n\n\n\n<p>2.- Estamos desafiados a mostrar que lo nuestro es distinto, por eso postulamos una propuesta b\u00e1sica de reivindicaciones sentidas por los trabajadores y estamos ciertos que un camino similar tomar\u00e1n los pobladores y los estudiantes as\u00ed como todo el mundo social organizado.<br>Hemos integrado en los contratos colectivos sentidas demandas de los trabajadores que no son leyes y nuestra plataforma es un claro reflejo de nuestro decir. No esperemos que nos den, a conseguirlo con acci\u00f3n directa apoyados en fuertes organizaciones.<br>Ese y no otro es nuestro objetivo.<\/p>\n","protected":false},"excerpt":{"rendered":"<p>Siempre hemos cre\u00eddo que esta pelea contra el sistema no la gana nadie solo. Estamos y estaremos por la m\u00e1s amplia UNIDAD, pero de la misma manera somos categ\u00f3ricos en&#8230; <a class=\"read-more\" href=\"https:\/\/www.radiopresidenteibanez.cl\/web\/la-montana-luchando-esta-la-pradera-sera-feliz-que-bajemos-a-la-ciudad-trayendo-la-libertad-canta-dean-reed\/\">Leer m\u00e1s<\/a><\/p>\n","protected":false},"author":2,"featured_media":53573,"comment_status":"closed","ping_status":"closed","sticky":false,"template":"","format":"standard","meta":{"footnotes":""},"categories":[1],"tags":[],"class_list":["post-53572","post","type-post","status-publish","format-standard","has-post-thumbnail","hentry","category-cronica"],"_links":{"self":[{"href":"https:\/\/www.radiopresidenteibanez.cl\/web\/wp-json\/wp\/v2\/posts\/53572","targetHints":{"allow":["GET"]}}],"collection":[{"href":"https:\/\/www.radiopresidenteibanez.cl\/web\/wp-json\/wp\/v2\/posts"}],"about":[{"href":"https:\/\/www.radiopresidenteibanez.cl\/web\/wp-json\/wp\/v2\/types\/post"}],"author":[{"embeddable":true,"href":"https:\/\/www.radiopresidenteibanez.cl\/web\/wp-json\/wp\/v2\/users\/2"}],"replies":[{"embeddable":true,"href":"https:\/\/www.radiopresidenteibanez.cl\/web\/wp-json\/wp\/v2\/comments?post=53572"}],"version-history":[{"count":0,"href":"https:\/\/www.radiopresidenteibanez.cl\/web\/wp-json\/wp\/v2\/posts\/53572\/revisions"}],"wp:featuredmedia":[{"embeddable":true,"href":"https:\/\/www.radiopresidenteibanez.cl\/web\/wp-json\/wp\/v2\/media\/53573"}],"wp:attachment":[{"href":"https:\/\/www.radiopresidenteibanez.cl\/web\/wp-json\/wp\/v2\/media?parent=53572"}],"wp:term":[{"taxonomy":"category","embeddable":true,"href":"https:\/\/www.radiopresidenteibanez.cl\/web\/wp-json\/wp\/v2\/categories?post=53572"},{"taxonomy":"post_tag","embeddable":true,"href":"https:\/\/www.radiopresidenteibanez.cl\/web\/wp-json\/wp\/v2\/tags?post=53572"}],"curies":[{"name":"wp","href":"https:\/\/api.w.org\/{rel}","templated":true}]}}