{"id":5356,"date":"2019-06-27T14:53:16","date_gmt":"2019-06-27T14:53:16","guid":{"rendered":"http:\/\/www.radiopresidenteibanez.cl\/web\/?p=5356"},"modified":"2019-06-27T14:53:49","modified_gmt":"2019-06-27T14:53:49","slug":"presidente-del-core-visito-obras-de-porvenir-que-retomaron-su-ejecucion","status":"publish","type":"post","link":"https:\/\/www.radiopresidenteibanez.cl\/web\/presidente-del-core-visito-obras-de-porvenir-que-retomaron-su-ejecucion\/","title":{"rendered":"PRESIDENTE DEL CORE VISIT\u00d3 OBRAS DE PORVENIR QUE RETOMARON SU EJECUCI\u00d3N"},"content":{"rendered":"\n<p> En su reciente visita a la comuna de Porvenir, el presidente del Consejo Regional, Tolentino Soto, y el consejero, Antonio Bradasic, realizaron una visita a algunas obras que ya retomaron su ejecuci\u00f3n en Porvenir.<\/p>\n\n\n\n<p>Es el caso del jard\u00edn infantil y sala cuna \u201cLomas de Baquedano II\u201d y el sector donde pr\u00f3ximamente se construir\u00e1 la tercera etapa de la poblaci\u00f3n Lomas de Baquedano, que permitir\u00e1 que m\u00e1s de cien familias cuenten con su casa propia.\u00a0<\/p>\n\n\n\n<p>\u201cSon todas demandas que uno puede constatar en terreno, donde es muy importante tener conocimiento, porque de repente a nosotros nos llegan a la mesa de trabajo proyectos determinados y uno no sabe d\u00f3nde es el lugar, a cu\u00e1ntas personas beneficia, tratar de buscar ese tipo de informaci\u00f3n en terreno\u201d, afirm\u00f3 el presidente del Consejo Regional, Tolentino Soto.<\/p>\n\n\n\n<p>En la oportunidad, los consejeros visitaron tambi\u00e9n los trabajos de pavimentaci\u00f3n de la calle Dubl\u00e9 Almeyda, proyecto cuya ejecuci\u00f3n fue aprobada hace cerca de un a\u00f1o por el pleno y que deber\u00eda comenzar pr\u00f3ximamente.<\/p>\n\n\n\n<p>\u201cNosotros siempre le hemos pedido, no s\u00f3lo a la Municipalidad de Porvenir, sino a todos los municipios que son las unidades t\u00e9cnicas de los proyectos que se ejecutan en la regi\u00f3n, que se hagan obras de buena calidad, y exigir buena fiscalizaci\u00f3n porque est\u00e1n financiadas con recursos de todos los chilenos. Y por otro lado, la oportunidad. Es decir, no podemos alargar los plazos de ejecuci\u00f3n por tanto tiempo\u201d, puntualiz\u00f3 el representante del Cuerpo Colegiado.\u00a0<\/p>\n\n\n\n<p>Soto Espa\u00f1a agradeci\u00f3, por otro lado, la invitaci\u00f3n realizada por la alcaldesa de Porvenir, Marisol Andrade, para que el Consejo Regional participe de las actividades de aniversario de la comuna.\u00a0<\/p>\n\n\n\n<figure class=\"wp-block-image\"><img loading=\"lazy\" decoding=\"async\" width=\"800\" height=\"445\" src=\"https:\/\/www.radiopresidenteibanez.cl\/web\/wp-content\/uploads\/2019\/06\/pavimentos-porvenir.jpg\" alt=\"\" class=\"wp-image-5357\" srcset=\"https:\/\/www.radiopresidenteibanez.cl\/web\/wp-content\/uploads\/2019\/06\/pavimentos-porvenir.jpg 800w, https:\/\/www.radiopresidenteibanez.cl\/web\/wp-content\/uploads\/2019\/06\/pavimentos-porvenir-300x167.jpg 300w, https:\/\/www.radiopresidenteibanez.cl\/web\/wp-content\/uploads\/2019\/06\/pavimentos-porvenir-768x427.jpg 768w\" sizes=\"auto, (max-width: 800px) 100vw, 800px\" \/><\/figure>\n","protected":false},"excerpt":{"rendered":"<p>En su reciente visita a la comuna de Porvenir, el presidente del Consejo Regional, Tolentino Soto, y el consejero, Antonio Bradasic, realizaron una visita a algunas obras que ya retomaron&#8230; <a class=\"read-more\" href=\"https:\/\/www.radiopresidenteibanez.cl\/web\/presidente-del-core-visito-obras-de-porvenir-que-retomaron-su-ejecucion\/\">Leer m\u00e1s<\/a><\/p>\n","protected":false},"author":2,"featured_media":5357,"comment_status":"closed","ping_status":"closed","sticky":false,"template":"","format":"standard","meta":{"footnotes":""},"categories":[1],"tags":[],"class_list":["post-5356","post","type-post","status-publish","format-standard","has-post-thumbnail","hentry","category-cronica"],"_links":{"self":[{"href":"https:\/\/www.radiopresidenteibanez.cl\/web\/wp-json\/wp\/v2\/posts\/5356","targetHints":{"allow":["GET"]}}],"collection":[{"href":"https:\/\/www.radiopresidenteibanez.cl\/web\/wp-json\/wp\/v2\/posts"}],"about":[{"href":"https:\/\/www.radiopresidenteibanez.cl\/web\/wp-json\/wp\/v2\/types\/post"}],"author":[{"embeddable":true,"href":"https:\/\/www.radiopresidenteibanez.cl\/web\/wp-json\/wp\/v2\/users\/2"}],"replies":[{"embeddable":true,"href":"https:\/\/www.radiopresidenteibanez.cl\/web\/wp-json\/wp\/v2\/comments?post=5356"}],"version-history":[{"count":0,"href":"https:\/\/www.radiopresidenteibanez.cl\/web\/wp-json\/wp\/v2\/posts\/5356\/revisions"}],"wp:featuredmedia":[{"embeddable":true,"href":"https:\/\/www.radiopresidenteibanez.cl\/web\/wp-json\/wp\/v2\/media\/5357"}],"wp:attachment":[{"href":"https:\/\/www.radiopresidenteibanez.cl\/web\/wp-json\/wp\/v2\/media?parent=5356"}],"wp:term":[{"taxonomy":"category","embeddable":true,"href":"https:\/\/www.radiopresidenteibanez.cl\/web\/wp-json\/wp\/v2\/categories?post=5356"},{"taxonomy":"post_tag","embeddable":true,"href":"https:\/\/www.radiopresidenteibanez.cl\/web\/wp-json\/wp\/v2\/tags?post=5356"}],"curies":[{"name":"wp","href":"https:\/\/api.w.org\/{rel}","templated":true}]}}