{"id":53558,"date":"2025-01-09T19:49:15","date_gmt":"2025-01-09T22:49:15","guid":{"rendered":"https:\/\/www.radiopresidenteibanez.cl\/web\/?p=53558"},"modified":"2025-01-09T19:49:22","modified_gmt":"2025-01-09T22:49:22","slug":"servinaut-informa-pronostico-regional-maritimo-6","status":"publish","type":"post","link":"https:\/\/www.radiopresidenteibanez.cl\/web\/servinaut-informa-pronostico-regional-maritimo-6\/","title":{"rendered":"SERVINAUT INFORMA: PRON\u00d3STICO REGIONAL MAR\u00cdTIMO"},"content":{"rendered":"\n<p>V\u00e1lido hasta 20:00 horas del viernes 10 de enero de 2025<\/p>\n\n\n\n<p><a href=\"https:\/\/www.latercera.com\/autor\/oscar-guillermo-garreton\"><br><br><\/a><\/p>\n\n\n\n<p><\/p>\n\n\n\n<p><strong>ZONA SIETE (FARO SAN PEDRO A FARO EVANGELISTAS):<\/strong><\/p>\n\n\n\n<p>SITUACI\u00d3N SIN\u00d3PTICA: CU\u00d1A A FRONTAL.<\/p>\n\n\n\n<p>PRON\u00d3STICO: CUBIERTO, VIS 4\/8 KM LLUVIA, VTO NW\/N 25\/30 NDS RACHAS 45 NDS, MAR MAREJADA A GRUESA (2.0\/3.0 MT) AUMENTANDO AL SUR LAT 50\u00baS GRUESA (3.0\/4.0 MT) COMO MAR DE FONDO DEL NORWESTE.<\/p>\n\n\n\n<p><strong>ZONA OCHO (F.EVANGELISTAS A LAT 60 GDS SUR<\/strong>):<\/p>\n\n\n\n<p>SITUACI\u00d3N SIN\u00d3PTICA: FRONTAL. PRON\u00d3STICO: (F.EVANGELISTAS A LAT 56 GDS SUR): CUBIERTO, VIS 10\/8 KM LLUVIA, VTO NORWESTE 30\/35 NDS RACHAS 50 NDS, MAR GRUESA A MUY GRUESA (3.0\/5.0 MT) COMO MAR DE FONDO DEL NORWESTE.<\/p>\n\n\n\n<p>(LAT 56 GDS SUR A LAT 60 GDS SUR): CUBIERTO, VIS 10\/8 KM LLUVIA, VTO NORWESTE 25\/30 NDS RACHAS 40 NDS AUMENTANDO PM 30\/35 NDS RACHAS 50 NDS, MAR MAREJADA A GRUESA (2.0\/4.0 MT) AUMENTANDO AL WESTE LONG 68\u00baW MUY GRUESA (4.0\/5.0 MT) COMO MAR DE FONDO DEL NORWESTE.<\/p>\n\n\n\n<p><strong>ESTRECHO NELSON:<\/strong><\/p>\n\n\n\n<p>CUBIERTO A NUBLADO, VIS 10\/8 KM LLUVIA FIN PERIODO, VTO NW\/N 20\/25 NDS RACHAS 35 NDS, MAR GRUESA (2.5\/3.0 MT) COMO MAR DE FONDO DEL NORWESTE.<\/p>\n\n\n\n<p><strong>PUERTO NATALES:<\/strong><\/p>\n\n\n\n<p>PARCIAL A NUBLADO, VIS 10 KM, VTO CALMA PM SW\/W 5\/10 NDS, MAR LLANA EN BAH\u00cdA. TEMPERATURA M\u00c1XIMA PROBABLE : 19.0 \u00b0C.<\/p>\n\n\n\n<p><strong>PASO TAMAR<\/strong>:<\/p>\n\n\n\n<p>CUBIERTO, VIS 10\/8 KM LLUVIA PM, VTO N\/NW 20\/25 NDS RACHAS 35 NDS, MAR MAREJADA (1.5\/2.0 MT).<\/p>\n\n\n\n<p><strong>FARO F\u00c9LIX A CABO FROWARD:<\/strong><\/p>\n\n\n\n<p>NUBLADO A CUBIERTO, VIS 10\/4 KM LLUVIA PM, VTO N\/NW 10\/15 NDS RACHAS 25 NDS, MAR MAREJADILLA A MAREJADA (0.5\/1.5 MT).<\/p>\n\n\n\n<p><strong>CABO FROWARD A PUNTA DELGADA:<\/strong><\/p>\n\n\n\n<p>PARCIAL A NUBLADO, VIS 10 KM, VTO NORWESTE ROLANDO PM N\/NE 10\/15 NDS, MAR MAREJADILLA (0.5\/1.0 MT).<\/p>\n\n\n\n<p><strong>PUNTA ARENAS:<\/strong><\/p>\n\n\n\n<p>PARCIAL A NUBLADO, VIS 10 KM, VTO NW\/N OCASIONAL NORESTE 10\/15 NDS, MAR LLANA RIZADA EN BAH\u00cdA.<\/p>\n\n\n\n<p>TEMPERATURA M\u00c1XIMA PROBABLE : 18.0 \u00b0C. INDICE DE RADIACI\u00d3N ULTRAVIOLETA : 08 MUY ALTO (FUENTE USACH).<\/p>\n\n\n\n<p><strong>PUNTA DELGADA A PUNTA DUNGENESS:<\/strong><\/p>\n\n\n\n<p>PARCIAL A NUBLADO, VIS 10 KM, VTO NE\/E OCASIONAL SURESTE 10\/15 NDS, MAR MAREJADILLA (0.5\/1.0 MT).<\/p>\n\n\n\n<p><strong>CANAL BRECKNOCK:<\/strong><\/p>\n\n\n\n<p>NUBLADO A CUBIERTO, VIS 10 KM, VTO N\/NE 10\/15 NDS RACHAS 25 NDS, MAR MAREJADA (1.5\/2.0 MT) COMO MAR DE FONDO DEL NORWESTE.<\/p>\n\n\n\n<p><strong>TIMBALES A PUERTO NAVARINO:<\/strong><\/p>\n\n\n\n<p>NUBLADO A CUBIERTO, VIS 10 KM, VTO N\/NE ROLANDO AL ESTE DEL SECTOR NORWESTE 5\/15 NDS, MAR LLANA A RIZADA (0.1\/0.5 MT).<\/p>\n\n\n\n<p><strong>PUERTO NAVARINO A ISLA NUEVA:<\/strong><\/p>\n\n\n\n<p>PARCIAL A NUBLADO, VIS 10 KM, VTO NORWESTE ROLANDO PM N\/NE 5\/15 NDS RACHAS 25 NDS, MAR RIZADA A MAREJADILLA (0.2\/1.0 MT).<\/p>\n\n\n\n<p><strong>PUERTO WILLIAMS:<\/strong><\/p>\n\n\n\n<p>NUBLADO A CUBIERTO, VIS 10 KM, VTO NW\/N 5\/10 NDS OCASIONAL 15 NDS, MAR LLANA A RIZADA EN BAH\u00cdA.<\/p>\n\n\n\n<p>TEMPERATURA M\u00c1XIMA PROBABLE : 16.0 \u00b0C.<\/p>\n\n\n\n<p><strong>BAH\u00cdA NASSAU A CABO DE HORNOS:<\/strong><\/p>\n\n\n\n<p>NUBLADO A CUBIERTO, VIS 10 KM, VTO NORWESTE ROLANDO PM NORESTE 10\/15 NDS, MAR MAREJADILLA A MAREJADA (0.5\/1.5 MT).<\/p>\n\n\n\n<p><strong>CABO DE HORNOS:<\/strong><\/p>\n\n\n\n<p>CUBIERTO A NUBLADO, VIS 10 KM, VTO NORWESTE 15\/20 NDS ROLANDO PM NORESTE 10\/15 NDS, MAR MAREJADA (1.5\/2.0 MT).<\/p>\n\n\n\n<p><strong><em>INFORMACI\u00d3N ELABORADA POR EL CENTRO METEOROL\u00d3GICO MAR\u00cdTIMO DE MAGALLANES<\/em><\/strong><\/p>\n","protected":false},"excerpt":{"rendered":"<p>V\u00e1lido hasta 20:00 horas del viernes 10 de enero de 2025 ZONA SIETE (FARO SAN PEDRO A FARO EVANGELISTAS): SITUACI\u00d3N SIN\u00d3PTICA: CU\u00d1A A FRONTAL. PRON\u00d3STICO: CUBIERTO, VIS 4\/8 KM LLUVIA,&#8230; <a class=\"read-more\" href=\"https:\/\/www.radiopresidenteibanez.cl\/web\/servinaut-informa-pronostico-regional-maritimo-6\/\">Leer m\u00e1s<\/a><\/p>\n","protected":false},"author":2,"featured_media":53332,"comment_status":"closed","ping_status":"closed","sticky":false,"template":"","format":"standard","meta":{"footnotes":""},"categories":[1],"tags":[],"class_list":["post-53558","post","type-post","status-publish","format-standard","has-post-thumbnail","hentry","category-cronica"],"_links":{"self":[{"href":"https:\/\/www.radiopresidenteibanez.cl\/web\/wp-json\/wp\/v2\/posts\/53558","targetHints":{"allow":["GET"]}}],"collection":[{"href":"https:\/\/www.radiopresidenteibanez.cl\/web\/wp-json\/wp\/v2\/posts"}],"about":[{"href":"https:\/\/www.radiopresidenteibanez.cl\/web\/wp-json\/wp\/v2\/types\/post"}],"author":[{"embeddable":true,"href":"https:\/\/www.radiopresidenteibanez.cl\/web\/wp-json\/wp\/v2\/users\/2"}],"replies":[{"embeddable":true,"href":"https:\/\/www.radiopresidenteibanez.cl\/web\/wp-json\/wp\/v2\/comments?post=53558"}],"version-history":[{"count":0,"href":"https:\/\/www.radiopresidenteibanez.cl\/web\/wp-json\/wp\/v2\/posts\/53558\/revisions"}],"wp:featuredmedia":[{"embeddable":true,"href":"https:\/\/www.radiopresidenteibanez.cl\/web\/wp-json\/wp\/v2\/media\/53332"}],"wp:attachment":[{"href":"https:\/\/www.radiopresidenteibanez.cl\/web\/wp-json\/wp\/v2\/media?parent=53558"}],"wp:term":[{"taxonomy":"category","embeddable":true,"href":"https:\/\/www.radiopresidenteibanez.cl\/web\/wp-json\/wp\/v2\/categories?post=53558"},{"taxonomy":"post_tag","embeddable":true,"href":"https:\/\/www.radiopresidenteibanez.cl\/web\/wp-json\/wp\/v2\/tags?post=53558"}],"curies":[{"name":"wp","href":"https:\/\/api.w.org\/{rel}","templated":true}]}}