{"id":53555,"date":"2025-01-09T18:23:00","date_gmt":"2025-01-09T21:23:00","guid":{"rendered":"https:\/\/www.radiopresidenteibanez.cl\/web\/?p=53555"},"modified":"2025-01-09T11:51:53","modified_gmt":"2025-01-09T14:51:53","slug":"autoridades-de-ultima-esperanza-refuerzan-llamado-a-la-prudencia-en-temporada-estival","status":"publish","type":"post","link":"https:\/\/www.radiopresidenteibanez.cl\/web\/autoridades-de-ultima-esperanza-refuerzan-llamado-a-la-prudencia-en-temporada-estival\/","title":{"rendered":"AUTORIDADES DE \u00daLTIMA ESPERANZA REFUERZAN LLAMADO A LA PRUDENCIA EN TEMPORADA ESTIVAL"},"content":{"rendered":"\n<p>Enfocadas en la prevenci\u00f3n de incendios forestales, el autocuidado y el consumo responsable de alcohol, las autoridades de \u00daltima Esperanza han lanzado un en\u00e9rgico llamado a la responsabilidad durante la temporada estival. La consigna de este verano es clara: utilizar el fuego \u00fanicamente en \u00e1reas autorizadas y con extrema precauci\u00f3n.<\/p>\n\n\n\n<p>El delegado presidencial provincial, Guillermo Ruiz Santana, junto a CONAF, Carabineros de la 2\u00aa Comisar\u00eda de Puerto Natales, la Capitan\u00eda de Puerto y el Departamento de Seguridad P\u00fablica Municipal, lidera esta campa\u00f1a de prevenci\u00f3n para fomentar conductas responsables en los paseos al aire libre.<\/p>\n\n\n\n<p>Este martes, la iniciativa se traslad\u00f3 a Laguna Sof\u00eda y Puerto Prat, dos destinos populares durante el verano, aunque no aptos para el ba\u00f1o. En estos puntos, las autoridades dialogaron directamente con las y los visitantes, reforzando mensajes clave sobre seguridad, cuidado del entorno natural y prevenci\u00f3n de riesgos.<\/p>\n\n\n\n<p>\u201cHemos reiterado el llamado a la conducta responsable respecto al uso y manejo del fuego. Junto a Carabineros, insistimos en la importancia de no consumir alcohol ni otras sustancias si se va a conducir, mientras que la Armada refuerza la necesidad de responsabilidad en actividades en el mar\u201d, destac\u00f3 el delegado. Asimismo, enfatiz\u00f3: \u201cDisfrutar al aire libre es positivo, pero siempre con responsabilidad. Esto incluye la tenencia responsable de mascotas, para evitar da\u00f1os a la fauna local o a animales de la ganader\u00eda\u201d.<\/p>\n\n\n\n<p>El mayor de Carabineros, Nicol\u00e1s Vidal Campos, tambi\u00e9n llam\u00f3 a la prudencia: \u201cEstos lugares son ideales para compartir en familia, pero es importante evitar conductas que puedan derivar en faltas o delitos, como el consumo de alcohol o drogas. Respetemos estos espacios p\u00fablicos que todos queremos disfrutar\u201d.<\/p>\n\n\n\n<p>Por su parte, la jefa provincial de CONAF, M\u00f3nica Alvarado \u00c1lvarez, subray\u00f3 la importancia de prevenir incendios forestales: \u201cHemos conversado con visitantes locales y turistas sobre el uso adecuado del fuego. Recomendamos evitarlo en condiciones de viento y altas temperaturas, as\u00ed como no arrojar basura ni colillas de cigarro, que son causas frecuentes de incendios\u201d.<\/p>\n\n\n\n<p>Finalmente, el Capit\u00e1n de Puerto de Puerto Natales, teniente 1\u00b0 LT Rafael Gonz\u00e1lez Hern\u00e1ndez, reforz\u00f3 el mensaje de seguridad en cuerpos de agua: \u201cNo hay lugares aptos para el ba\u00f1o en la provincia. Lagos, r\u00edos y el mar no son seguros para nadar o aprender a hacerlo. El llamado de la autoridad mar\u00edtima es claro, no exponerse innecesariamente\u201d.<\/p>\n\n\n\n<p>Las autoridades reiteran su compromiso con la seguridad y el bienestar de las y los habitantes, y visitantes de \u00daltima Esperanza, haciendo un llamado a disfrutar de las actividades al aire libre con responsabilidad y respeto por el entorno<\/p>\n","protected":false},"excerpt":{"rendered":"<p>Enfocadas en la prevenci\u00f3n de incendios forestales, el autocuidado y el consumo responsable de alcohol, las autoridades de \u00daltima Esperanza han lanzado un en\u00e9rgico llamado a la responsabilidad durante la&#8230; <a class=\"read-more\" href=\"https:\/\/www.radiopresidenteibanez.cl\/web\/autoridades-de-ultima-esperanza-refuerzan-llamado-a-la-prudencia-en-temporada-estival\/\">Leer m\u00e1s<\/a><\/p>\n","protected":false},"author":2,"featured_media":53556,"comment_status":"closed","ping_status":"closed","sticky":false,"template":"","format":"standard","meta":{"footnotes":""},"categories":[1],"tags":[],"class_list":["post-53555","post","type-post","status-publish","format-standard","has-post-thumbnail","hentry","category-cronica"],"_links":{"self":[{"href":"https:\/\/www.radiopresidenteibanez.cl\/web\/wp-json\/wp\/v2\/posts\/53555","targetHints":{"allow":["GET"]}}],"collection":[{"href":"https:\/\/www.radiopresidenteibanez.cl\/web\/wp-json\/wp\/v2\/posts"}],"about":[{"href":"https:\/\/www.radiopresidenteibanez.cl\/web\/wp-json\/wp\/v2\/types\/post"}],"author":[{"embeddable":true,"href":"https:\/\/www.radiopresidenteibanez.cl\/web\/wp-json\/wp\/v2\/users\/2"}],"replies":[{"embeddable":true,"href":"https:\/\/www.radiopresidenteibanez.cl\/web\/wp-json\/wp\/v2\/comments?post=53555"}],"version-history":[{"count":0,"href":"https:\/\/www.radiopresidenteibanez.cl\/web\/wp-json\/wp\/v2\/posts\/53555\/revisions"}],"wp:featuredmedia":[{"embeddable":true,"href":"https:\/\/www.radiopresidenteibanez.cl\/web\/wp-json\/wp\/v2\/media\/53556"}],"wp:attachment":[{"href":"https:\/\/www.radiopresidenteibanez.cl\/web\/wp-json\/wp\/v2\/media?parent=53555"}],"wp:term":[{"taxonomy":"category","embeddable":true,"href":"https:\/\/www.radiopresidenteibanez.cl\/web\/wp-json\/wp\/v2\/categories?post=53555"},{"taxonomy":"post_tag","embeddable":true,"href":"https:\/\/www.radiopresidenteibanez.cl\/web\/wp-json\/wp\/v2\/tags?post=53555"}],"curies":[{"name":"wp","href":"https:\/\/api.w.org\/{rel}","templated":true}]}}