{"id":53540,"date":"2025-01-09T12:29:00","date_gmt":"2025-01-09T15:29:00","guid":{"rendered":"https:\/\/www.radiopresidenteibanez.cl\/web\/?p=53540"},"modified":"2025-01-09T11:07:45","modified_gmt":"2025-01-09T14:07:45","slug":"programa-de-cuidados-abrio-su-postulacion-para-beneficiar-a-cien-ninos-y-ninas-de-natales","status":"publish","type":"post","link":"https:\/\/www.radiopresidenteibanez.cl\/web\/programa-de-cuidados-abrio-su-postulacion-para-beneficiar-a-cien-ninos-y-ninas-de-natales\/","title":{"rendered":"Programa de cuidados abri\u00f3 su postulaci\u00f3n para beneficiar a cien ni\u00f1os y ni\u00f1as de Natales"},"content":{"rendered":"\n<p>Una nueva versi\u00f3n del programa \u201cCentros de Cuidados para Trabajos de Temporada\u201d se pondr\u00e1 en marcha durante este mes, con la finalidad de que 100 ni\u00f1os y ni\u00f1as (entre a 6 y 12 a\u00f1os) de Natales cuenten con un espacio seguro y adecuado, mientras sus cuidadores principales trabajan.<\/p>\n\n\n\n<p>\u201cCentros de Cuidados para Trabajos de Temporada\u201d es un programa liderado por el Ministerio de Desarrollo Social y Familia, en colaboraci\u00f3n con la Junta Nacional de Auxilio Escolar y Becas (Juaneb), el Instituto Nacional de Deportes (IND), Servicio Local de Educaci\u00f3n P\u00fablica (SLEP), y el municipio de Natales, quienes unen esfuerzos en pos del bienestar de la ni\u00f1ez.<\/p>\n\n\n\n<p>El Seremi de Desarrollo Social y Familia, Danilo Mimica Mansilla, contextualiz\u00f3 este programa como parte del Sistema Nacional de Apoyos y Cuidados Chile Cuida, proyecto de ley que busca establecer los cuidados como un cuarto pilar de protecci\u00f3n social.<\/p>\n\n\n\n<p>\u201cNecesitamos que este programa llegue a m\u00e1s comunas porque los cuidados constituyen un trabajo fundamental para el desarrollo econ\u00f3mico de las sociedades y que exige de una responsabilidad conjunta del Estado, el sector privado, las familias y comunidades para avanzar en corresponsabilidad, lo que involucra un cambio cultural. Este programa es un ejemplo de este cambio, porque se implementar\u00e1 en Natales con la ayuda del Estado, de su municipio y de empresas privadas que colaboran con la entrega de productos y servicios, con el solo fin de apoyar a los padres, madres, y a los ni\u00f1os y ni\u00f1as\u201d, manifest\u00f3 la autoridad.<\/p>\n\n\n\n<p>A su vez, la Alcaldesa de Natales, Ana Mayorga Bahamonde, se\u00f1al\u00f3 que \u201ces un gran logro para nuestra comuna contar con este programa que responde a las necesidades de muchas familias trabajadoras. Los Centros de Cuidados son una muestra clara del compromiso con el bienestar de la ni\u00f1ez natalina. Al brindar un espacio seguro para nuestras ni\u00f1as y ni\u00f1os estamos invirtiendo en el futuro de nuestra comunidad y agradezco a todos los involucrados por hacer posible esta iniciativa\u201d.<\/p>\n\n\n\n<p><strong>Los requisitos<\/strong><\/p>\n\n\n\n<p>Los beneficiarios deben tener entre 6 y 12 a\u00f1os, cuyos padres, madres o cuidadores principales se encuentren trabajando durante el funcionamiento de este programa, que comenzar\u00e1 el 13 de enero, y que concluir\u00e1 el 14 de febrero de este a\u00f1o.<\/p>\n\n\n\n<p>El programa, que funcionar\u00e1 en el Liceo Luis Cruz Mart\u00ednez de Puerto Natales, ubicado en calle Bernardo Philippi 474, otorgar\u00e1 preferencia a las familias pertenecientes al Subsistema Seguridades y Oportunidades y a las que se encuentren entre los tramos del 40% y 60% de la calificaci\u00f3n socioecon\u00f3mica del Registro Social de Hogares (RSH).<\/p>\n\n\n\n<p>El proceso de postulaci\u00f3n se llevar\u00e1 a cabo los d\u00edas 9 y 10 de enero, y se realizar\u00e1 de manera presencial en el Polideportivo Municipal Cristopher Mansilla Almonacid, ubicado en Avenida Libertad 0435, Natales, en un horario de atenci\u00f3n de 08:00 a 13:00, y de 14:30 a 17:00 horas.<\/p>\n","protected":false},"excerpt":{"rendered":"<p>Una nueva versi\u00f3n del programa \u201cCentros de Cuidados para Trabajos de Temporada\u201d se pondr\u00e1 en marcha durante este mes, con la finalidad de que 100 ni\u00f1os y ni\u00f1as (entre a&#8230; <a class=\"read-more\" href=\"https:\/\/www.radiopresidenteibanez.cl\/web\/programa-de-cuidados-abrio-su-postulacion-para-beneficiar-a-cien-ninos-y-ninas-de-natales\/\">Leer m\u00e1s<\/a><\/p>\n","protected":false},"author":2,"featured_media":53541,"comment_status":"closed","ping_status":"closed","sticky":false,"template":"","format":"standard","meta":{"footnotes":""},"categories":[1],"tags":[],"class_list":["post-53540","post","type-post","status-publish","format-standard","has-post-thumbnail","hentry","category-cronica"],"_links":{"self":[{"href":"https:\/\/www.radiopresidenteibanez.cl\/web\/wp-json\/wp\/v2\/posts\/53540","targetHints":{"allow":["GET"]}}],"collection":[{"href":"https:\/\/www.radiopresidenteibanez.cl\/web\/wp-json\/wp\/v2\/posts"}],"about":[{"href":"https:\/\/www.radiopresidenteibanez.cl\/web\/wp-json\/wp\/v2\/types\/post"}],"author":[{"embeddable":true,"href":"https:\/\/www.radiopresidenteibanez.cl\/web\/wp-json\/wp\/v2\/users\/2"}],"replies":[{"embeddable":true,"href":"https:\/\/www.radiopresidenteibanez.cl\/web\/wp-json\/wp\/v2\/comments?post=53540"}],"version-history":[{"count":0,"href":"https:\/\/www.radiopresidenteibanez.cl\/web\/wp-json\/wp\/v2\/posts\/53540\/revisions"}],"wp:featuredmedia":[{"embeddable":true,"href":"https:\/\/www.radiopresidenteibanez.cl\/web\/wp-json\/wp\/v2\/media\/53541"}],"wp:attachment":[{"href":"https:\/\/www.radiopresidenteibanez.cl\/web\/wp-json\/wp\/v2\/media?parent=53540"}],"wp:term":[{"taxonomy":"category","embeddable":true,"href":"https:\/\/www.radiopresidenteibanez.cl\/web\/wp-json\/wp\/v2\/categories?post=53540"},{"taxonomy":"post_tag","embeddable":true,"href":"https:\/\/www.radiopresidenteibanez.cl\/web\/wp-json\/wp\/v2\/tags?post=53540"}],"curies":[{"name":"wp","href":"https:\/\/api.w.org\/{rel}","templated":true}]}}