{"id":5353,"date":"2019-06-27T14:48:36","date_gmt":"2019-06-27T14:48:36","guid":{"rendered":"http:\/\/www.radiopresidenteibanez.cl\/web\/?p=5353"},"modified":"2019-06-27T14:49:10","modified_gmt":"2019-06-27T14:49:10","slug":"electrificacion-rural-un-sueno-cumplido-para-los-vecinos-de-puerto-prat","status":"publish","type":"post","link":"https:\/\/www.radiopresidenteibanez.cl\/web\/electrificacion-rural-un-sueno-cumplido-para-los-vecinos-de-puerto-prat\/","title":{"rendered":"ELECTRIFICACI\u00d3N RURAL, UN SUE\u00d1O CUMPLIDO PARA LOS VECINOS DE PUERTO PRAT"},"content":{"rendered":"\n<p>A 19\nkil\u00f3metros de Puerto Natales se encuentra ubicado Puerto Prat, donde\nactualmente residen cerca de trece familias, quienes contar\u00e1n a partir de hoy\ncon electrificaci\u00f3n las 24 horas del d\u00eda. As\u00ed lo dieron a conocer ayer (martes)\nlas autoridades presidida por el Intendente de la regi\u00f3n Jos\u00e9 Fernandez, quien\njunto al alcalde de la comuna Fernando Paredes oficiaron el anuncio ante los\nvecinos.<\/p>\n\n\n\n<p>Para el\nalcalde de la comuna, \u00e9sta entrega se enmarca en el compromiso del municipio\ncon todas las localidades rurales de la comuna, integr\u00e1ndolos y dando\nsoluciones concretas a sus necesidades. \u201cEstamos reafirmando nuestro compromiso\ncon la mirada de desarrollo que tenemos con nuestro Concejo Municipal para los\nsectores rurales, donde los vecinos reciben ese compromiso. Hoy los veo muy\ncontentos, muy esperanzados sintiendo que su municipio est\u00e1 cerca y esa es la\nmanera de ir desarrollando nuestra comunidad\u201d. &nbsp;El edil se\u00f1al\u00f3 que la entrega del proyecto en\nPuerto Prat es un compromiso de muchas voluntades \u201cquiero relevar adem\u00e1s el\ncompromiso que ha tenido la empresa Edelmag, viendo principalmente el enfoque\nsocial y el mejoramiento de la calidad de vida en las familias. Adem\u00e1s estamos\nmarcando historia, porque la historia dir\u00e1 que despu\u00e9s de 120 a\u00f1os de\nconstituci\u00f3n lleg\u00f3 la energ\u00eda el\u00e9ctrica a los vecinos\u201d. <\/p>\n\n\n\n<p>En tanto, la\nm\u00e1xima autoridad regional subray\u00f3 la gesti\u00f3n del municipio en la postulaci\u00f3n de\ncada uno de estos proyectos que entregan servicios esenciales a los vecinos. \u201cLlegar\ncon luz el\u00e9ctrica a estas comunidades rurales y aisladas es una cosa que va a\ncambiar un 100% la vida a los habitantes de este sector\u201d. <\/p>\n\n\n\n<p>Guillermo Ruiz\nMac-Lean, presidente de la Junta de Vecinos de Puerto Prat, recalc\u00f3 el apoyo\nque recibieron para tener luz en sus casas y agradeci\u00f3 a las autoridades regionales\nanteriores y las actuales por su gesti\u00f3n, destacando que con la llegada de la\nelectricidad cambia su calidad de vida. <\/p>\n\n\n\n<p>El proyecto es financiado gracias a la postulaci\u00f3n por parte del municipio al Fondo Nacional de Desarrollo Regional (FNDR) del Gobierno Regional y cont\u00f3 con una inversi\u00f3n superior a los 162 millones de pesos, m\u00e1s 14 millones entregados por Edelmag con 9,9 kil\u00f3metros de tendido el\u00e9ctrico de media tensi\u00f3n y cuatrocientos metros de baja tensi\u00f3n para distribuci\u00f3n residencial y servicios p\u00fablicos,\u00a0 beneficiando en total a 19 \u00a0usuarios con energ\u00eda el\u00e9ctrica.<\/p>\n\n\n\n<figure class=\"wp-block-image\"><img loading=\"lazy\" decoding=\"async\" width=\"1024\" height=\"683\" src=\"https:\/\/www.radiopresidenteibanez.cl\/web\/wp-content\/uploads\/2019\/06\/039A8213-1024x683.jpg\" alt=\"\" class=\"wp-image-5354\" srcset=\"https:\/\/www.radiopresidenteibanez.cl\/web\/wp-content\/uploads\/2019\/06\/039A8213.jpg 1024w, https:\/\/www.radiopresidenteibanez.cl\/web\/wp-content\/uploads\/2019\/06\/039A8213-300x200.jpg 300w, https:\/\/www.radiopresidenteibanez.cl\/web\/wp-content\/uploads\/2019\/06\/039A8213-768x512.jpg 768w\" sizes=\"auto, (max-width: 1024px) 100vw, 1024px\" \/><\/figure>\n","protected":false},"excerpt":{"rendered":"<p>A 19 kil\u00f3metros de Puerto Natales se encuentra ubicado Puerto Prat, donde actualmente residen cerca de trece familias, quienes contar\u00e1n a partir de hoy con electrificaci\u00f3n las 24 horas del&#8230; <a class=\"read-more\" href=\"https:\/\/www.radiopresidenteibanez.cl\/web\/electrificacion-rural-un-sueno-cumplido-para-los-vecinos-de-puerto-prat\/\">Leer m\u00e1s<\/a><\/p>\n","protected":false},"author":2,"featured_media":5354,"comment_status":"closed","ping_status":"closed","sticky":false,"template":"","format":"standard","meta":{"footnotes":""},"categories":[1],"tags":[],"class_list":["post-5353","post","type-post","status-publish","format-standard","has-post-thumbnail","hentry","category-cronica"],"_links":{"self":[{"href":"https:\/\/www.radiopresidenteibanez.cl\/web\/wp-json\/wp\/v2\/posts\/5353","targetHints":{"allow":["GET"]}}],"collection":[{"href":"https:\/\/www.radiopresidenteibanez.cl\/web\/wp-json\/wp\/v2\/posts"}],"about":[{"href":"https:\/\/www.radiopresidenteibanez.cl\/web\/wp-json\/wp\/v2\/types\/post"}],"author":[{"embeddable":true,"href":"https:\/\/www.radiopresidenteibanez.cl\/web\/wp-json\/wp\/v2\/users\/2"}],"replies":[{"embeddable":true,"href":"https:\/\/www.radiopresidenteibanez.cl\/web\/wp-json\/wp\/v2\/comments?post=5353"}],"version-history":[{"count":0,"href":"https:\/\/www.radiopresidenteibanez.cl\/web\/wp-json\/wp\/v2\/posts\/5353\/revisions"}],"wp:featuredmedia":[{"embeddable":true,"href":"https:\/\/www.radiopresidenteibanez.cl\/web\/wp-json\/wp\/v2\/media\/5354"}],"wp:attachment":[{"href":"https:\/\/www.radiopresidenteibanez.cl\/web\/wp-json\/wp\/v2\/media?parent=5353"}],"wp:term":[{"taxonomy":"category","embeddable":true,"href":"https:\/\/www.radiopresidenteibanez.cl\/web\/wp-json\/wp\/v2\/categories?post=5353"},{"taxonomy":"post_tag","embeddable":true,"href":"https:\/\/www.radiopresidenteibanez.cl\/web\/wp-json\/wp\/v2\/tags?post=5353"}],"curies":[{"name":"wp","href":"https:\/\/api.w.org\/{rel}","templated":true}]}}