{"id":53526,"date":"2025-01-08T17:31:00","date_gmt":"2025-01-08T20:31:00","guid":{"rendered":"https:\/\/www.radiopresidenteibanez.cl\/web\/?p=53526"},"modified":"2025-01-08T11:48:34","modified_gmt":"2025-01-08T14:48:34","slug":"autoridades-dan-a-conocer-el-terreno-del-futuro-electrominal-de-punta-arenas","status":"publish","type":"post","link":"https:\/\/www.radiopresidenteibanez.cl\/web\/autoridades-dan-a-conocer-el-terreno-del-futuro-electrominal-de-punta-arenas\/","title":{"rendered":"Autoridades dan a conocer el terreno del futuro electrominal de Punta Arenas"},"content":{"rendered":"\n<p>El Gobernador Regional de Magallanes y de la Ant\u00e1rtica Chilena, Jorge Flies, junto al Delegado Presidencial Jos\u00e9 Ruiz, y el Seremi de Transportes y Telecomunicaciones, Rodrigo Hern\u00e1ndez, realizaron una visita a los terrenos donde estar\u00e1 el futuro electrominal, para la carga de los 100 buses el\u00e9ctricos que compondr\u00e1n la nueva flota del sistema de transporte urbano subsidiado de Punta Arenas.<\/p>\n\n\n\n<p>El electrominal, que se construir\u00e1 en un terreno ubicado a la altura del kil\u00f3metro 8,5 de la ruta 9, permitir\u00e1 la carga r\u00e1pida y segura de los buses el\u00e9ctricos, reduciendo significativamente las emisiones de gases de efecto invernadero y mejorando la calidad del aire en la ciudad.<\/p>\n\n\n\n<p>\u201cEstamos muy contentos con este anuncio porque la nueva flota de buses viene a reforzar el transporte actual y a entregarle una mejor calidad de vida a la comunidad. Adem\u00e1s, con este nuevo electrominal, estamos ayudando a la lucha contra el cambio clim\u00e1tico\u201d declar\u00f3 el Gobernador Flies.<\/p>\n\n\n\n<p>En la misma l\u00ednea, el Delegado Presidencial, Jos\u00e9 Ruiz, declar\u00f3 que \u201ceste proyecto viene a dar respuesta ante un problema que se ha presentado en Punta Arenas como es la falta de dotaci\u00f3n de buses en nuestra ciudad. Hoy la flota total es de 70 buses, pero operativos son muchos menos. Esta iniciativa viene a duplicar la dotaci\u00f3n actual\u201d.<\/p>\n\n\n\n<p>Por su parte, el seremi de Transporte, Rodrigo Hern\u00e1ndez, expres\u00f3 que \u201cen estos 25 mil metros cuadrados se va a concentrar todo lo que es la operaci\u00f3n, los estacionamientos, electrolineras e infraestructura asociada al transporte p\u00fablico. Esto viene a revolucionar el transporte en Punta Arenas y a dar una soluci\u00f3n real a la ciudadan\u00eda\u201d.<\/p>\n\n\n\n<p>Finalmente, las autoridades anunciaron que se espera que, de aqu\u00ed a fin de a\u00f1o, o principios del 2026, ya est\u00e9 operativa la nueva flota de cien buses para la comuna de Punta Arenas<\/p>\n","protected":false},"excerpt":{"rendered":"<p>El Gobernador Regional de Magallanes y de la Ant\u00e1rtica Chilena, Jorge Flies, junto al Delegado Presidencial Jos\u00e9 Ruiz, y el Seremi de Transportes y Telecomunicaciones, Rodrigo Hern\u00e1ndez, realizaron una visita&#8230; <a class=\"read-more\" href=\"https:\/\/www.radiopresidenteibanez.cl\/web\/autoridades-dan-a-conocer-el-terreno-del-futuro-electrominal-de-punta-arenas\/\">Leer m\u00e1s<\/a><\/p>\n","protected":false},"author":2,"featured_media":53527,"comment_status":"closed","ping_status":"closed","sticky":false,"template":"","format":"standard","meta":{"footnotes":""},"categories":[1],"tags":[],"class_list":["post-53526","post","type-post","status-publish","format-standard","has-post-thumbnail","hentry","category-cronica"],"_links":{"self":[{"href":"https:\/\/www.radiopresidenteibanez.cl\/web\/wp-json\/wp\/v2\/posts\/53526","targetHints":{"allow":["GET"]}}],"collection":[{"href":"https:\/\/www.radiopresidenteibanez.cl\/web\/wp-json\/wp\/v2\/posts"}],"about":[{"href":"https:\/\/www.radiopresidenteibanez.cl\/web\/wp-json\/wp\/v2\/types\/post"}],"author":[{"embeddable":true,"href":"https:\/\/www.radiopresidenteibanez.cl\/web\/wp-json\/wp\/v2\/users\/2"}],"replies":[{"embeddable":true,"href":"https:\/\/www.radiopresidenteibanez.cl\/web\/wp-json\/wp\/v2\/comments?post=53526"}],"version-history":[{"count":0,"href":"https:\/\/www.radiopresidenteibanez.cl\/web\/wp-json\/wp\/v2\/posts\/53526\/revisions"}],"wp:featuredmedia":[{"embeddable":true,"href":"https:\/\/www.radiopresidenteibanez.cl\/web\/wp-json\/wp\/v2\/media\/53527"}],"wp:attachment":[{"href":"https:\/\/www.radiopresidenteibanez.cl\/web\/wp-json\/wp\/v2\/media?parent=53526"}],"wp:term":[{"taxonomy":"category","embeddable":true,"href":"https:\/\/www.radiopresidenteibanez.cl\/web\/wp-json\/wp\/v2\/categories?post=53526"},{"taxonomy":"post_tag","embeddable":true,"href":"https:\/\/www.radiopresidenteibanez.cl\/web\/wp-json\/wp\/v2\/tags?post=53526"}],"curies":[{"name":"wp","href":"https:\/\/api.w.org\/{rel}","templated":true}]}}