{"id":53517,"date":"2025-01-08T12:23:00","date_gmt":"2025-01-08T15:23:00","guid":{"rendered":"https:\/\/www.radiopresidenteibanez.cl\/web\/?p=53517"},"modified":"2025-01-08T11:06:08","modified_gmt":"2025-01-08T14:06:08","slug":"magallanes-lidera-el-debate-sobre-descentralizacion-en-chile-con-una-mirada-desde-la-patagonia","status":"publish","type":"post","link":"https:\/\/www.radiopresidenteibanez.cl\/web\/magallanes-lidera-el-debate-sobre-descentralizacion-en-chile-con-una-mirada-desde-la-patagonia\/","title":{"rendered":"Magallanes lidera el debate sobre descentralizaci\u00f3n en Chile con una mirada desde la Patagonia"},"content":{"rendered":"\n<p>La Universidad de Magallanes (UMAG), a trav\u00e9s de su Centro de Estudios Regionales (CER), ha dado un paso significativo en la discusi\u00f3n sobre la descentralizaci\u00f3n en Chile con el lanzamiento del libro&nbsp;<strong>\u201cLa Revoluci\u00f3n Silente: Primer Congreso Patag\u00f3nico de Descentralizaci\u00f3n\u201d,<\/strong>&nbsp;obra que re\u00fane las ponencias y reflexiones del congreso realizado en octubre de 2023.<\/p>\n\n\n\n<p>El libro fue presentado por&nbsp;<strong>Felipe Lagos Rojas<\/strong>, director del Centro de Estudios Regionales y coordinador de la publicaci\u00f3n en el marco del Seminario Magallanes Participa 2024, realizado en el CADI-UMAG los d\u00edas en noviembre de 2024. Este esfuerzo editorial destaca los desaf\u00edos y particularidades de los territorios extremos, posicionando a la Patagonia como un referente en la b\u00fasqueda de mayor equidad territorial mediante procesos participativos y transformadores. Como se\u00f1ala Lagos en el pr\u00f3logo, \u201cesta iniciativa busca ofrecer perspectivas regionales que orienten la pertinencia territorial de las pol\u00edticas p\u00fablicas, contribuyendo a un debate que es din\u00e1mico y en constante evoluci\u00f3n\u201d.<\/p>\n\n\n\n<p>La publicaci\u00f3n aborda la descentralizaci\u00f3n desde tres perspectivas principales: pol\u00edtica, administrativa y financiera. Entre los destacados autores que participan en esta obra est\u00e1n acad\u00e9micos y expertos como&nbsp;<strong>Egon Montecinos<\/strong>, doctor en Ciencia Pol\u00edtica y ex intendente de Los R\u00edos;&nbsp;<strong>Tulia Falleti<\/strong>&nbsp;reconocida especialista en descentralizaci\u00f3n y democracia comparada de la Universidad de Pensilvania y&nbsp;<strong>Sergio Galilea<\/strong>, ex subsecretario de Desarrollo Regional y Obras P\u00fablicas, entre otros, quienes aportan un an\u00e1lisis sobre las oportunidades y retos en la construcci\u00f3n de una gobernanza m\u00e1s aut\u00f3noma para las regiones de Chile.<\/p>\n\n\n\n<p>Durante la presentaci\u00f3n del libro,&nbsp;<strong>Jos\u00e9 Maripani Maripani<\/strong>, rector de la UMAG, destac\u00f3 el compromiso de la instituci\u00f3n con la promoci\u00f3n de la descentralizaci\u00f3n como un motor para el desarrollo equitativo de las zonas extremas. Por su parte,&nbsp;<strong>Jorge Flies A\u00f1\u00f3n<\/strong>, gobernador regional, subray\u00f3 el rol pionero de Magallanes en este proceso, posicionando al territorio como un laboratorio natural y cient\u00edfico de relevancia global, y como un ejemplo de diversidad vocacional que caracteriza a las regiones del pa\u00eds.<\/p>\n\n\n\n<p>El libro, fruto de la colaboraci\u00f3n entre el CER, el Gobierno Regional de Magallanes y el Centro de Estudios Universitarios sobre Descentralizaci\u00f3n Financiera y Fiscal (CEUDEFF), est\u00e1 disponible para acad\u00e9micos, tomadores de decisiones y ciudadanos interesados en contribuir a un Chile m\u00e1s inclusivo y justo.&nbsp;<\/p>\n\n\n\n<p>Disponible para su compra en la p\u00e1gina web de la&nbsp;<a href=\"https:\/\/editorial.tirant.com\/cl\/ebook\/la-revolucion-silente-primer-congreso-patagonico-de-descentralizacion-en-chile-felipe-lagos-rojas-9788410715134\" target=\"_blank\" rel=\"noreferrer noopener\">Editorial Tirant Lo Blanc.<\/a><\/p>\n","protected":false},"excerpt":{"rendered":"<p>La Universidad de Magallanes (UMAG), a trav\u00e9s de su Centro de Estudios Regionales (CER), ha dado un paso significativo en la discusi\u00f3n sobre la descentralizaci\u00f3n en Chile con el lanzamiento&#8230; <a class=\"read-more\" href=\"https:\/\/www.radiopresidenteibanez.cl\/web\/magallanes-lidera-el-debate-sobre-descentralizacion-en-chile-con-una-mirada-desde-la-patagonia\/\">Leer m\u00e1s<\/a><\/p>\n","protected":false},"author":2,"featured_media":53518,"comment_status":"closed","ping_status":"closed","sticky":false,"template":"","format":"standard","meta":{"footnotes":""},"categories":[1],"tags":[],"class_list":["post-53517","post","type-post","status-publish","format-standard","has-post-thumbnail","hentry","category-cronica"],"_links":{"self":[{"href":"https:\/\/www.radiopresidenteibanez.cl\/web\/wp-json\/wp\/v2\/posts\/53517","targetHints":{"allow":["GET"]}}],"collection":[{"href":"https:\/\/www.radiopresidenteibanez.cl\/web\/wp-json\/wp\/v2\/posts"}],"about":[{"href":"https:\/\/www.radiopresidenteibanez.cl\/web\/wp-json\/wp\/v2\/types\/post"}],"author":[{"embeddable":true,"href":"https:\/\/www.radiopresidenteibanez.cl\/web\/wp-json\/wp\/v2\/users\/2"}],"replies":[{"embeddable":true,"href":"https:\/\/www.radiopresidenteibanez.cl\/web\/wp-json\/wp\/v2\/comments?post=53517"}],"version-history":[{"count":0,"href":"https:\/\/www.radiopresidenteibanez.cl\/web\/wp-json\/wp\/v2\/posts\/53517\/revisions"}],"wp:featuredmedia":[{"embeddable":true,"href":"https:\/\/www.radiopresidenteibanez.cl\/web\/wp-json\/wp\/v2\/media\/53518"}],"wp:attachment":[{"href":"https:\/\/www.radiopresidenteibanez.cl\/web\/wp-json\/wp\/v2\/media?parent=53517"}],"wp:term":[{"taxonomy":"category","embeddable":true,"href":"https:\/\/www.radiopresidenteibanez.cl\/web\/wp-json\/wp\/v2\/categories?post=53517"},{"taxonomy":"post_tag","embeddable":true,"href":"https:\/\/www.radiopresidenteibanez.cl\/web\/wp-json\/wp\/v2\/tags?post=53517"}],"curies":[{"name":"wp","href":"https:\/\/api.w.org\/{rel}","templated":true}]}}