{"id":53501,"date":"2025-01-07T18:13:00","date_gmt":"2025-01-07T21:13:00","guid":{"rendered":"https:\/\/www.radiopresidenteibanez.cl\/web\/?p=53501"},"modified":"2025-01-07T11:47:51","modified_gmt":"2025-01-07T14:47:51","slug":"lancha-cientifica-karpuj-del-inach-ya-se-encuentra-en-antartica","status":"publish","type":"post","link":"https:\/\/www.radiopresidenteibanez.cl\/web\/lancha-cientifica-karpuj-del-inach-ya-se-encuentra-en-antartica\/","title":{"rendered":"Lancha cient\u00edfica Karpuj del INACH ya se encuentra en Ant\u00e1rtica"},"content":{"rendered":"\n<p>Este viernes 3 de enero, a las 10:00 horas de Chile continental, la nave cient\u00edfica&nbsp;<em>Karpuj<\/em>&nbsp;del Instituto Ant\u00e1rtico Chileno (INACH) arrib\u00f3 hasta la Ant\u00e1rtica, tras zarpar el pasado lunes 30 de diciembre a las 22:30 horas. La traves\u00eda de la&nbsp;<em>Karpuj&nbsp;<\/em>tuvo una duraci\u00f3n de 84 horas, sin detenciones desde Punta Arenas hasta la isla Rey Jorge con una navegaci\u00f3n \u00f3ptima y condiciones clim\u00e1ticas propicias.<\/p>\n\n\n\n<p>Por 90 d\u00edas la embarcaci\u00f3n del INACH apoyar\u00e1 a los cient\u00edficos y cient\u00edficas del Programa Nacional de Ciencia Ant\u00e1rtica en diversos viajes a trav\u00e9s de la pen\u00ednsula Ant\u00e1rtica y las islas Shetland del Sur. Adem\u00e1s,&nbsp;<em>Karpuj&nbsp;<\/em>efectuar\u00e1 movimientos log\u00edsticos de apoyo a las bases chilenas en territorio ant\u00e1rtico. La nave del INACH es considerada una nave mayor con una capacidad de doce personas a bordo, y mantiene capacidad de comunicaci\u00f3n satelital y v\u00eda Starlink.<\/p>\n\n\n\n<p><em>Karpuj<\/em>, cuenta con un laboratorio seco (4 m<sup>2<\/sup>) y un laboratorio h\u00famedo (19 m<sup>2<\/sup>) para procesamiento y an\u00e1lisis de muestras. Tambi\u00e9n dispone de un ecosonda Simrad de 38,120 y 200 kHz, un winche el\u00e9ctrico con 2.000 metros de cable y una roseta para doce botellas Niskin de cinco litros cada una.<\/p>\n","protected":false},"excerpt":{"rendered":"<p>Este viernes 3 de enero, a las 10:00 horas de Chile continental, la nave cient\u00edfica&nbsp;Karpuj&nbsp;del Instituto Ant\u00e1rtico Chileno (INACH) arrib\u00f3 hasta la Ant\u00e1rtica, tras zarpar el pasado lunes 30 de&#8230; <a class=\"read-more\" href=\"https:\/\/www.radiopresidenteibanez.cl\/web\/lancha-cientifica-karpuj-del-inach-ya-se-encuentra-en-antartica\/\">Leer m\u00e1s<\/a><\/p>\n","protected":false},"author":2,"featured_media":53502,"comment_status":"closed","ping_status":"closed","sticky":false,"template":"","format":"standard","meta":{"footnotes":""},"categories":[1],"tags":[],"class_list":["post-53501","post","type-post","status-publish","format-standard","has-post-thumbnail","hentry","category-cronica"],"_links":{"self":[{"href":"https:\/\/www.radiopresidenteibanez.cl\/web\/wp-json\/wp\/v2\/posts\/53501","targetHints":{"allow":["GET"]}}],"collection":[{"href":"https:\/\/www.radiopresidenteibanez.cl\/web\/wp-json\/wp\/v2\/posts"}],"about":[{"href":"https:\/\/www.radiopresidenteibanez.cl\/web\/wp-json\/wp\/v2\/types\/post"}],"author":[{"embeddable":true,"href":"https:\/\/www.radiopresidenteibanez.cl\/web\/wp-json\/wp\/v2\/users\/2"}],"replies":[{"embeddable":true,"href":"https:\/\/www.radiopresidenteibanez.cl\/web\/wp-json\/wp\/v2\/comments?post=53501"}],"version-history":[{"count":0,"href":"https:\/\/www.radiopresidenteibanez.cl\/web\/wp-json\/wp\/v2\/posts\/53501\/revisions"}],"wp:featuredmedia":[{"embeddable":true,"href":"https:\/\/www.radiopresidenteibanez.cl\/web\/wp-json\/wp\/v2\/media\/53502"}],"wp:attachment":[{"href":"https:\/\/www.radiopresidenteibanez.cl\/web\/wp-json\/wp\/v2\/media?parent=53501"}],"wp:term":[{"taxonomy":"category","embeddable":true,"href":"https:\/\/www.radiopresidenteibanez.cl\/web\/wp-json\/wp\/v2\/categories?post=53501"},{"taxonomy":"post_tag","embeddable":true,"href":"https:\/\/www.radiopresidenteibanez.cl\/web\/wp-json\/wp\/v2\/tags?post=53501"}],"curies":[{"name":"wp","href":"https:\/\/api.w.org\/{rel}","templated":true}]}}