{"id":5350,"date":"2019-06-27T14:43:11","date_gmt":"2019-06-27T14:43:11","guid":{"rendered":"http:\/\/www.radiopresidenteibanez.cl\/web\/?p=5350"},"modified":"2019-06-27T14:43:32","modified_gmt":"2019-06-27T14:43:32","slug":"mas-de-2-mil-trabajadores-podran-acceder-a-examenes-ocupacionales-gratuitos-en-natales-y-porvenir","status":"publish","type":"post","link":"https:\/\/www.radiopresidenteibanez.cl\/web\/mas-de-2-mil-trabajadores-podran-acceder-a-examenes-ocupacionales-gratuitos-en-natales-y-porvenir\/","title":{"rendered":"M\u00c1S DE 2 MIL TRABAJADORES PODR\u00c1N ACCEDER A EX\u00c1MENES OCUPACIONALES GRATUITOS EN NATALES Y PORVENIR"},"content":{"rendered":"\n<p>Una excelente\nnoticia fue la anunciada por la Seremi del Trabajo, Victoria Cort\u00e9s, y el\ndirector regional del Instituto de Seguridad Laboral (ISL) Magallanes, Marcelo\nTrivi\u00f1o, pues a partir de ahora, tras la suscripci\u00f3n de un convenio, los m\u00e1s de\n2.200 trabajadores de Puerto Natales y Porvenir adheridos a la llamada\n\u201cmutualidad del Estado\u201d, podr\u00e1n acceder a ex\u00e1menes ocupacionales sin costo para\nellos.<\/p>\n\n\n\n<p>Esta\nposibilidad in\u00e9dita en estas comunas surge a partir de una licitaci\u00f3n p\u00fablica\nadjudicada a la empresa de servicios de salud Osorio Rodr\u00edguez, cuyo equipo de\nprofesionales m\u00e9dicos acudir\u00e1n a estas ciudades para atender los requerimientos\nde los empleadores adheridos al Instituto.<\/p>\n\n\n\n<p>En palabras de Cort\u00e9s,\n\u201cson cerca de 800 los empleadores afiliados al ISL en Puerto Natales y Porvenir\nque suman un total que supera los 2.200 trabajadores de estas comunas, que por\nprimera vez podr\u00e1n ser beneficiados con ex\u00e1menes ocupacionales absolutamente\ngratuitos. Por tanto, el llamado a estos empleadores y sus trabajadores es a\nhacer uso de este convenio que el gobierno del Presidente Sebasti\u00e1n Pi\u00f1era pone\na su disposici\u00f3n a trav\u00e9s de estos recursos\u201d.<\/p>\n\n\n\n<p>En Puerto Natales son\ncerca de 600 las empresas adheridas, correspondientes a m\u00e1s de 1.700\ntrabajadores, potenciales beneficiarios de este convenio. Mientras que en\nPorvenir, los empleadores superan los 200, lo que representa a cerca de 500\ntrabajadores que podr\u00e1n contar con esta cobertura.<\/p>\n\n\n\n<p>Al respecto, Trivi\u00f1o\nexplic\u00f3 que \u201clo que hicimos fue firmar un convenio con la empresa de servicios\nde Salud Osorio Rodr\u00edguez, los cuales van a comenzar a hacer visitas peri\u00f3dicas\na las ciudades de Puerto Natales y Porvenir para realizar ex\u00e1menes a\ntrabajadores del sector p\u00fablico y privado. As\u00ed que el llamado es a requerir\nestos ex\u00e1menes que cubren una gran gama de agentes y situaciones de riesgo\nlaborales que deben ser evaluados por los empleadores\u201d.<\/p>\n\n\n\n<p>El representante de la\nempresa que har\u00e1 entrega de los servicios, el Dr. Miguel \u00c1ngel Osorio, se\u00f1al\u00f3\nque \u201ccontamos con un equipo de salud, donde vamos con m\u00e9dicos, param\u00e9dicos,\nenfermeras a hacer los ex\u00e1menes, tomar muestras, vamos con un psic\u00f3logo que\nhace los ex\u00e1menes psicosensom\u00e9tricos, vamos tambi\u00e9n con un equipamiento\nimportante. Vamos a partir por Puerto Natales, por la cantidad de trabajadores\ny, luego, Porvenir, esperando llegar a todos los afiliados\u201d.<\/p>\n\n\n\n<p>Las fechas de llegada a cada una de las ciudades para realizaci\u00f3n de ex\u00e1menes ser\u00e1n anunciadas prontamente, no obstante, desde ya se pueden hacer las consultas al ISL Magallanes. La idea es que todos los trabajadores adheridos al ISL puedan hacer el uso de estos necesarios ex\u00e1menes de car\u00e1cter preventivo y que buscan evitar enfermedades o accidentes laborales.<\/p>\n\n\n\n<figure class=\"wp-block-image\"><img loading=\"lazy\" decoding=\"async\" width=\"1024\" height=\"768\" src=\"https:\/\/www.radiopresidenteibanez.cl\/web\/wp-content\/uploads\/2019\/06\/IMG_002-1024x768.jpg\" alt=\"\" class=\"wp-image-5351\" srcset=\"https:\/\/www.radiopresidenteibanez.cl\/web\/wp-content\/uploads\/2019\/06\/IMG_002.jpg 1024w, https:\/\/www.radiopresidenteibanez.cl\/web\/wp-content\/uploads\/2019\/06\/IMG_002-300x225.jpg 300w, https:\/\/www.radiopresidenteibanez.cl\/web\/wp-content\/uploads\/2019\/06\/IMG_002-768x576.jpg 768w\" sizes=\"auto, (max-width: 1024px) 100vw, 1024px\" \/><\/figure>\n","protected":false},"excerpt":{"rendered":"<p>Una excelente noticia fue la anunciada por la Seremi del Trabajo, Victoria Cort\u00e9s, y el director regional del Instituto de Seguridad Laboral (ISL) Magallanes, Marcelo Trivi\u00f1o, pues a partir de&#8230; <a class=\"read-more\" href=\"https:\/\/www.radiopresidenteibanez.cl\/web\/mas-de-2-mil-trabajadores-podran-acceder-a-examenes-ocupacionales-gratuitos-en-natales-y-porvenir\/\">Leer m\u00e1s<\/a><\/p>\n","protected":false},"author":2,"featured_media":5351,"comment_status":"closed","ping_status":"closed","sticky":false,"template":"","format":"standard","meta":{"footnotes":""},"categories":[1],"tags":[],"class_list":["post-5350","post","type-post","status-publish","format-standard","has-post-thumbnail","hentry","category-cronica"],"_links":{"self":[{"href":"https:\/\/www.radiopresidenteibanez.cl\/web\/wp-json\/wp\/v2\/posts\/5350","targetHints":{"allow":["GET"]}}],"collection":[{"href":"https:\/\/www.radiopresidenteibanez.cl\/web\/wp-json\/wp\/v2\/posts"}],"about":[{"href":"https:\/\/www.radiopresidenteibanez.cl\/web\/wp-json\/wp\/v2\/types\/post"}],"author":[{"embeddable":true,"href":"https:\/\/www.radiopresidenteibanez.cl\/web\/wp-json\/wp\/v2\/users\/2"}],"replies":[{"embeddable":true,"href":"https:\/\/www.radiopresidenteibanez.cl\/web\/wp-json\/wp\/v2\/comments?post=5350"}],"version-history":[{"count":0,"href":"https:\/\/www.radiopresidenteibanez.cl\/web\/wp-json\/wp\/v2\/posts\/5350\/revisions"}],"wp:featuredmedia":[{"embeddable":true,"href":"https:\/\/www.radiopresidenteibanez.cl\/web\/wp-json\/wp\/v2\/media\/5351"}],"wp:attachment":[{"href":"https:\/\/www.radiopresidenteibanez.cl\/web\/wp-json\/wp\/v2\/media?parent=5350"}],"wp:term":[{"taxonomy":"category","embeddable":true,"href":"https:\/\/www.radiopresidenteibanez.cl\/web\/wp-json\/wp\/v2\/categories?post=5350"},{"taxonomy":"post_tag","embeddable":true,"href":"https:\/\/www.radiopresidenteibanez.cl\/web\/wp-json\/wp\/v2\/tags?post=5350"}],"curies":[{"name":"wp","href":"https:\/\/api.w.org\/{rel}","templated":true}]}}