{"id":53495,"date":"2025-01-07T15:21:00","date_gmt":"2025-01-07T18:21:00","guid":{"rendered":"https:\/\/www.radiopresidenteibanez.cl\/web\/?p=53495"},"modified":"2025-01-07T11:41:55","modified_gmt":"2025-01-07T14:41:55","slug":"epaustral-destaca-vinculacion-con-la-armada-de-chile-ante-la-llegada-del-rompehielos-almirante-viel-al-muelle-arturo-prat-de-punta-arenas","status":"publish","type":"post","link":"https:\/\/www.radiopresidenteibanez.cl\/web\/epaustral-destaca-vinculacion-con-la-armada-de-chile-ante-la-llegada-del-rompehielos-almirante-viel-al-muelle-arturo-prat-de-punta-arenas\/","title":{"rendered":"EPAUSTRAL destaca vinculaci\u00f3n con la Armada de Chile ante la llegada del rompehielos Almirante Viel al Muelle Arturo Prat de Punta Arenas"},"content":{"rendered":"\n<p>El pasado domingo 05 de enero la capital de la Regi\u00f3n de Magallanes y Ant\u00e1rtica Chilena, Punta Arenas, recibi\u00f3 al rompehielos Almirante Viel, marcando un hito a nivel regional y nacional respecto a la vinculaci\u00f3n de Chile con la Ant\u00e1rtica.<\/p>\n\n\n\n<p>Construido \u00edntegramente en territorio nacional por la empresa p\u00fablica ASMAR (Astilleros y Maestranzas de la Armada), el buque de la Armada de Chile lleg\u00f3 durante el mediod\u00eda al Muelle Arturo Prat que administra la Empresa Portuaria Austral, recinto portuario que ser\u00e1 la base y el punto de partida del rompehielos para sus expediciones, la primera de ellas el pr\u00f3ximo 9 de enero.<\/p>\n\n\n\n<p>\u201cEsto tiene un impacto respecto del v\u00ednculo que tenemos con el territorio ant\u00e1rtico y la importancia geopol\u00edtica que tiene para el pa\u00eds. Contribuir con ese peque\u00f1o grano de arena, que es la posibilidad de tener una alianza estrat\u00e9gica con la Armada para la operaci\u00f3n permanente y regular del buque en Punta Arenas es un hito muy relevante para la Empresa Portuaria Austral. Es parte de nuestra vocaci\u00f3n aportar con esa potencialidad que la Regi\u00f3n de Magallanes tiene (respecto) de su conexi\u00f3n con el territorio ant\u00e1rtico\u201d, expres\u00f3 el Gerente General de la Empresa Portuaria Austral, Miguel Palma Morales.<\/p>\n\n\n\n<p>El Viel es un rompehielos clase 5 polar de 111 metros de eslora que permitir\u00e1 desarrollar diversas tareas de investigaci\u00f3n cient\u00edfica en la zona austral y la Ant\u00e1rtica Chilena, conformando el llamado \u201ctrinomio Ant\u00e1rtico\u201d junto al patrullero Marinero Fuentealba y el remolcador Lientur.<\/p>\n\n\n\n<p>Por su parte, el comandante del Rompehielos Almirante \u00d3scar Viel, Capit\u00e1n de Nav\u00edo Juan Pablo Henr\u00edquez, destac\u00f3 el trabajo entre ambas instituciones: \u201cEs tremendamente importante el apoyo que nos est\u00e1 brindando EPAUSTRAL con el soporte del muelle y poder desarrollar aqu\u00ed nuestros procesos log\u00edsticos con su apoyo. Estamos muy contentos de estar ac\u00e1 en nuestro puerto base, Punta Arenas, la puerta de entrada de la Ant\u00e1rtica y que adem\u00e1s nos acerca para efectuar nuestras operaciones\u201d.<\/p>\n\n\n\n<p>Este hito es el reflejo de la importancia que la Armada y el Estado le est\u00e1n dando a la Ant\u00e1rtica. De ah\u00ed que la vinculaci\u00f3n con la Empresa Portuaria Austral, que se ha visto reflejada en otros acuerdos como el uso del Muelle Guardi\u00e1n Brito en Puerto Williams para la recalada de cruceros en la capital de la comuna de Cabo de Hornos, haya sido de gran relevancia para elegir Punta Arenas \u2013y en particular el Muelle Arturo Prat- como el puerto base de sus operaciones.<\/p>\n","protected":false},"excerpt":{"rendered":"<p>El pasado domingo 05 de enero la capital de la Regi\u00f3n de Magallanes y Ant\u00e1rtica Chilena, Punta Arenas, recibi\u00f3 al rompehielos Almirante Viel, marcando un hito a nivel regional y&#8230; <a class=\"read-more\" href=\"https:\/\/www.radiopresidenteibanez.cl\/web\/epaustral-destaca-vinculacion-con-la-armada-de-chile-ante-la-llegada-del-rompehielos-almirante-viel-al-muelle-arturo-prat-de-punta-arenas\/\">Leer m\u00e1s<\/a><\/p>\n","protected":false},"author":2,"featured_media":53496,"comment_status":"closed","ping_status":"closed","sticky":false,"template":"","format":"standard","meta":{"footnotes":""},"categories":[1],"tags":[],"class_list":["post-53495","post","type-post","status-publish","format-standard","has-post-thumbnail","hentry","category-cronica"],"_links":{"self":[{"href":"https:\/\/www.radiopresidenteibanez.cl\/web\/wp-json\/wp\/v2\/posts\/53495","targetHints":{"allow":["GET"]}}],"collection":[{"href":"https:\/\/www.radiopresidenteibanez.cl\/web\/wp-json\/wp\/v2\/posts"}],"about":[{"href":"https:\/\/www.radiopresidenteibanez.cl\/web\/wp-json\/wp\/v2\/types\/post"}],"author":[{"embeddable":true,"href":"https:\/\/www.radiopresidenteibanez.cl\/web\/wp-json\/wp\/v2\/users\/2"}],"replies":[{"embeddable":true,"href":"https:\/\/www.radiopresidenteibanez.cl\/web\/wp-json\/wp\/v2\/comments?post=53495"}],"version-history":[{"count":0,"href":"https:\/\/www.radiopresidenteibanez.cl\/web\/wp-json\/wp\/v2\/posts\/53495\/revisions"}],"wp:featuredmedia":[{"embeddable":true,"href":"https:\/\/www.radiopresidenteibanez.cl\/web\/wp-json\/wp\/v2\/media\/53496"}],"wp:attachment":[{"href":"https:\/\/www.radiopresidenteibanez.cl\/web\/wp-json\/wp\/v2\/media?parent=53495"}],"wp:term":[{"taxonomy":"category","embeddable":true,"href":"https:\/\/www.radiopresidenteibanez.cl\/web\/wp-json\/wp\/v2\/categories?post=53495"},{"taxonomy":"post_tag","embeddable":true,"href":"https:\/\/www.radiopresidenteibanez.cl\/web\/wp-json\/wp\/v2\/tags?post=53495"}],"curies":[{"name":"wp","href":"https:\/\/api.w.org\/{rel}","templated":true}]}}