{"id":53485,"date":"2025-01-07T10:57:00","date_gmt":"2025-01-07T13:57:00","guid":{"rendered":"https:\/\/www.radiopresidenteibanez.cl\/web\/?p=53485"},"modified":"2025-01-07T10:31:01","modified_gmt":"2025-01-07T13:31:01","slug":"consejo-regional-impulsa-el-desarrollo-turistico-con-nuevas-competencias-transferidas-a-la-region","status":"publish","type":"post","link":"https:\/\/www.radiopresidenteibanez.cl\/web\/consejo-regional-impulsa-el-desarrollo-turistico-con-nuevas-competencias-transferidas-a-la-region\/","title":{"rendered":"Consejo Regional impulsa el desarrollo tur\u00edstico con nuevas competencias transferidas a la regi\u00f3n"},"content":{"rendered":"\n<p>En un importante paso hacia la descentralizaci\u00f3n y el fortalecimiento del desarrollo regional, el Consejo Regional de Magallanes aprob\u00f3 la recomendaci\u00f3n de transferir competencias de Sernatur al Gobierno Regional. Este avance permitir\u00e1 gestionar \u00e1reas clave como la administraci\u00f3n de Zonas de Inter\u00e9s Tur\u00edstico (ZOIT), la promoci\u00f3n de destinos y la planificaci\u00f3n estrat\u00e9gica regional en el \u00e1mbito tur\u00edstico.<\/p>\n\n\n\n<p>Al respecto, el consejero fueguino Rodolfo C\u00e1rdenas destac\u00f3 la relevancia de esta medida para potenciar el turismo local y regional, subrayando que \u00abel traspaso de competencias resulta fundamental para promover la descentralizaci\u00f3n y la administraci\u00f3n del territorio\u00bb. Seg\u00fan indic\u00f3, estas acciones contribuir\u00e1n a consolidar la estrategia de desarrollo regional aprobada previamente por el Consejo Regional.<\/p>\n\n\n\n<p>Entre las competencias que se transfieren se incluyen la ejecuci\u00f3n de herramientas para fortalecer las capacidades empresariales, la promoci\u00f3n y difusi\u00f3n de productos tur\u00edsticos locales y la administraci\u00f3n de oficinas de informaci\u00f3n tur\u00edstica para atenci\u00f3n presencial. En este sentido, C\u00e1rdenas a\u00f1adi\u00f3: \u00abEsto va a permitir potenciar el trabajo que se est\u00e1 desarrollando y que se requiere desarrollar con fuerza, fomentando una nueva \u00e1rea de gran importancia como el turismo en la isla de Tierra del Fuego y en otros puntos de la regi\u00f3n\u00bb.<\/p>\n\n\n\n<p>El consejero tambi\u00e9n subray\u00f3 el impacto positivo que esta medida tendr\u00e1 en la imagen y proyecci\u00f3n de la regi\u00f3n: \u00abEsperamos que se consoliden acciones concretas de promoci\u00f3n regional a nivel nacional, fortaleciendo la imagen de nuestra regi\u00f3n y de la provincia de Tierra del Fuego. Esto no solo impulsar\u00e1 el desarrollo social y econ\u00f3mico, sino tambi\u00e9n fomentar\u00e1 nuevas iniciativas desde el sector privado con el soporte del sector p\u00fablico\u00bb.<\/p>\n\n\n\n<p>Este avance se enmarca en lo establecido por la Ley 19.175 y el Reglamento de Transferencias, que permite al Presidente de la Rep\u00fablica instruir la evaluaci\u00f3n de estas competencias, marcando un hito en la descentralizaci\u00f3n efectiva del territorio magall\u00e1nico.<\/p>\n","protected":false},"excerpt":{"rendered":"<p>En un importante paso hacia la descentralizaci\u00f3n y el fortalecimiento del desarrollo regional, el Consejo Regional de Magallanes aprob\u00f3 la recomendaci\u00f3n de transferir competencias de Sernatur al Gobierno Regional. Este&#8230; <a class=\"read-more\" href=\"https:\/\/www.radiopresidenteibanez.cl\/web\/consejo-regional-impulsa-el-desarrollo-turistico-con-nuevas-competencias-transferidas-a-la-region\/\">Leer m\u00e1s<\/a><\/p>\n","protected":false},"author":2,"featured_media":53486,"comment_status":"closed","ping_status":"closed","sticky":false,"template":"","format":"standard","meta":{"footnotes":""},"categories":[1],"tags":[],"class_list":["post-53485","post","type-post","status-publish","format-standard","has-post-thumbnail","hentry","category-cronica"],"_links":{"self":[{"href":"https:\/\/www.radiopresidenteibanez.cl\/web\/wp-json\/wp\/v2\/posts\/53485","targetHints":{"allow":["GET"]}}],"collection":[{"href":"https:\/\/www.radiopresidenteibanez.cl\/web\/wp-json\/wp\/v2\/posts"}],"about":[{"href":"https:\/\/www.radiopresidenteibanez.cl\/web\/wp-json\/wp\/v2\/types\/post"}],"author":[{"embeddable":true,"href":"https:\/\/www.radiopresidenteibanez.cl\/web\/wp-json\/wp\/v2\/users\/2"}],"replies":[{"embeddable":true,"href":"https:\/\/www.radiopresidenteibanez.cl\/web\/wp-json\/wp\/v2\/comments?post=53485"}],"version-history":[{"count":0,"href":"https:\/\/www.radiopresidenteibanez.cl\/web\/wp-json\/wp\/v2\/posts\/53485\/revisions"}],"wp:featuredmedia":[{"embeddable":true,"href":"https:\/\/www.radiopresidenteibanez.cl\/web\/wp-json\/wp\/v2\/media\/53486"}],"wp:attachment":[{"href":"https:\/\/www.radiopresidenteibanez.cl\/web\/wp-json\/wp\/v2\/media?parent=53485"}],"wp:term":[{"taxonomy":"category","embeddable":true,"href":"https:\/\/www.radiopresidenteibanez.cl\/web\/wp-json\/wp\/v2\/categories?post=53485"},{"taxonomy":"post_tag","embeddable":true,"href":"https:\/\/www.radiopresidenteibanez.cl\/web\/wp-json\/wp\/v2\/tags?post=53485"}],"curies":[{"name":"wp","href":"https:\/\/api.w.org\/{rel}","templated":true}]}}