{"id":5347,"date":"2019-06-27T14:38:23","date_gmt":"2019-06-27T14:38:23","guid":{"rendered":"http:\/\/www.radiopresidenteibanez.cl\/web\/?p=5347"},"modified":"2019-06-27T14:39:02","modified_gmt":"2019-06-27T14:39:02","slug":"iva-brigada-aerea-recibio-la-visita-del-subsecretario-de-obras-publicas-lucas-palacios-cobarrubias","status":"publish","type":"post","link":"https:\/\/www.radiopresidenteibanez.cl\/web\/iva-brigada-aerea-recibio-la-visita-del-subsecretario-de-obras-publicas-lucas-palacios-cobarrubias\/","title":{"rendered":"IVa BRIGADA A\u00c9REA RECIBI\u00d3 LA VISITA DEL SUBSECRETARIO DE OBRAS P\u00daBLICAS LUCAS PALACIOS COBARRUBIAS."},"content":{"rendered":"\n<p>El d\u00eda 26 de junio el Comandante en Jefe de la IV<sup>a<\/sup>\nBrigada A\u00e9rea, General de Brigada A\u00e9rea (A) Eduardo Mosqueira Cruz, recibi\u00f3 la\nvisita del Subsecretario de Obras P\u00fablicas Lucas Palacios Covarrubias, quien\nven\u00eda acompa\u00f1ado de una delegaci\u00f3n integrada por el Secretario Regional\nMinisterial de Obras P\u00fablicas Pablo Rendoll, del Director Regional de\nAeropuertos, Hardy Rehbein y del Jefe Zonal de la Direcci\u00f3n General de\nAeron\u00e1utica Civil Sergio Gallo.<\/p>\n\n\n\n<p>Durante la reuni\u00f3n sostenida entre las autoridades antes se\u00f1aladas,\nse trataron temas aeron\u00e1uticos y de inter\u00e9s com\u00fan. <\/p>\n\n\n\n<p>Al finalizar la presente reuni\u00f3n, el General Mosqueira agradeci\u00f3 al Subsecretario Palacios el haber hecho un espacio en su agenda para visitarlo en la IV<sup>a<\/sup> Brigada A\u00e9rea.<\/p>\n\n\n\n<figure class=\"wp-block-image\"><img loading=\"lazy\" decoding=\"async\" width=\"1024\" height=\"681\" src=\"https:\/\/www.radiopresidenteibanez.cl\/web\/wp-content\/uploads\/2019\/06\/89727d71-b355-4079-afe8-ae9ba4f0efce-1024x681.jpg\" alt=\"\" class=\"wp-image-5348\" srcset=\"https:\/\/www.radiopresidenteibanez.cl\/web\/wp-content\/uploads\/2019\/06\/89727d71-b355-4079-afe8-ae9ba4f0efce-1024x681.jpg 1024w, https:\/\/www.radiopresidenteibanez.cl\/web\/wp-content\/uploads\/2019\/06\/89727d71-b355-4079-afe8-ae9ba4f0efce-300x199.jpg 300w, https:\/\/www.radiopresidenteibanez.cl\/web\/wp-content\/uploads\/2019\/06\/89727d71-b355-4079-afe8-ae9ba4f0efce-768x511.jpg 768w, https:\/\/www.radiopresidenteibanez.cl\/web\/wp-content\/uploads\/2019\/06\/89727d71-b355-4079-afe8-ae9ba4f0efce.jpg 1280w\" sizes=\"auto, (max-width: 1024px) 100vw, 1024px\" \/><\/figure>\n","protected":false},"excerpt":{"rendered":"<p>El d\u00eda 26 de junio el Comandante en Jefe de la IVa Brigada A\u00e9rea, General de Brigada A\u00e9rea (A) Eduardo Mosqueira Cruz, recibi\u00f3 la visita del Subsecretario de Obras P\u00fablicas&#8230; <a class=\"read-more\" href=\"https:\/\/www.radiopresidenteibanez.cl\/web\/iva-brigada-aerea-recibio-la-visita-del-subsecretario-de-obras-publicas-lucas-palacios-cobarrubias\/\">Leer m\u00e1s<\/a><\/p>\n","protected":false},"author":2,"featured_media":5348,"comment_status":"closed","ping_status":"closed","sticky":false,"template":"","format":"standard","meta":{"footnotes":""},"categories":[1],"tags":[],"class_list":["post-5347","post","type-post","status-publish","format-standard","has-post-thumbnail","hentry","category-cronica"],"_links":{"self":[{"href":"https:\/\/www.radiopresidenteibanez.cl\/web\/wp-json\/wp\/v2\/posts\/5347","targetHints":{"allow":["GET"]}}],"collection":[{"href":"https:\/\/www.radiopresidenteibanez.cl\/web\/wp-json\/wp\/v2\/posts"}],"about":[{"href":"https:\/\/www.radiopresidenteibanez.cl\/web\/wp-json\/wp\/v2\/types\/post"}],"author":[{"embeddable":true,"href":"https:\/\/www.radiopresidenteibanez.cl\/web\/wp-json\/wp\/v2\/users\/2"}],"replies":[{"embeddable":true,"href":"https:\/\/www.radiopresidenteibanez.cl\/web\/wp-json\/wp\/v2\/comments?post=5347"}],"version-history":[{"count":0,"href":"https:\/\/www.radiopresidenteibanez.cl\/web\/wp-json\/wp\/v2\/posts\/5347\/revisions"}],"wp:featuredmedia":[{"embeddable":true,"href":"https:\/\/www.radiopresidenteibanez.cl\/web\/wp-json\/wp\/v2\/media\/5348"}],"wp:attachment":[{"href":"https:\/\/www.radiopresidenteibanez.cl\/web\/wp-json\/wp\/v2\/media?parent=5347"}],"wp:term":[{"taxonomy":"category","embeddable":true,"href":"https:\/\/www.radiopresidenteibanez.cl\/web\/wp-json\/wp\/v2\/categories?post=5347"},{"taxonomy":"post_tag","embeddable":true,"href":"https:\/\/www.radiopresidenteibanez.cl\/web\/wp-json\/wp\/v2\/tags?post=5347"}],"curies":[{"name":"wp","href":"https:\/\/api.w.org\/{rel}","templated":true}]}}