{"id":53467,"date":"2025-01-06T16:39:00","date_gmt":"2025-01-06T19:39:00","guid":{"rendered":"https:\/\/www.radiopresidenteibanez.cl\/web\/?p=53467"},"modified":"2025-01-06T11:28:29","modified_gmt":"2025-01-06T14:28:29","slug":"desde-magallanes-inedito-proyecto-de-conservacion-y-restauracion-de-suelos-contribuira-a-la-mitigacion-del-cambio-climatico","status":"publish","type":"post","link":"https:\/\/www.radiopresidenteibanez.cl\/web\/desde-magallanes-inedito-proyecto-de-conservacion-y-restauracion-de-suelos-contribuira-a-la-mitigacion-del-cambio-climatico\/","title":{"rendered":"DESDE MAGALLANES IN\u00c9DITO PROYECTO DE CONSERVACI\u00d3N Y RESTAURACI\u00d3N DE SUELOS CONTRIBUIR\u00c1 A LA MITIGACI\u00d3N DEL CAMBIO CLIM\u00c1TICO"},"content":{"rendered":"\n<p>Expertos a nivel internacional se congregar\u00e1n durante la jornada de hoy en Punta Arenas, con el prop\u00f3sito de consolidar el programa denominado \u201cRespira Patagonia\u201d, una soluci\u00f3n innovadora para abordar la conservaci\u00f3n y regeneraci\u00f3n de los ecosistemas de Magallanes y protecci\u00f3n de la biodiversidad, combinando pr\u00e1cticas sostenibles con la generaci\u00f3n de beneficios econ\u00f3micos tangibles en el mercado de carbono. Esta iniciativa tiene el potencial de posicionarse como un referente nacional e internacional en el uso de Soluciones Basadas en la Naturaleza (SBN) para enfrentar el cambio clim\u00e1tico.<\/p>\n\n\n\n<p><strong>CONTEXTO<\/strong><\/p>\n\n\n\n<p>La estepa de Magallanes ha sido un ecosistema terrestre crucial para el cono sur americano, contribuyendo significativamente a la mitigaci\u00f3n del cambio clim\u00e1tico y regulaci\u00f3n del clima a trav\u00e9s de la captura y almacenamiento de carbono en su vegetaci\u00f3n y suelos. Este ecosistema, que abarca vastas extensiones de la regi\u00f3n, ha demostrado ser uno de los m\u00e1s importantes sumideros de carbono, ayudando a contrarrestar las emisiones de gases de efecto invernadero.<\/p>\n\n\n\n<p>As\u00ed, el mercado de carbono representa una oportunidad \u00fanica para incentivar la conservaci\u00f3n y restauraci\u00f3n de este valioso ecosistema, as\u00ed como promover pr\u00e1cticas agr\u00edcolas y ganaderas sostenibles que contribuyan a mantener y aumentar su capacidad de captura de carbono.<\/p>\n\n\n\n<p>\u201cLa puesta en valor del carbono que puede ser almacenado en los pastizales nativos en la Patagonia austral de Chile, fundamentalmente en el suelo, representa un compromiso estrat\u00e9gico con la conservaci\u00f3n ambiental y el desarrollo sostenible, en una de las regiones m\u00e1s importantes del pa\u00eds y del planeta en t\u00e9rminos de biodiversidad y capacidad de almacenamiento de carbono\u201d, destac\u00f3 Manuel Sanhueza Vel\u00e1squez, director de Plan-C, compa\u00f1\u00eda experta en desarrollo de proyectos ambientales y gesti\u00f3n de inversiones de fondos clim\u00e1ticos.<\/p>\n\n\n\n<p>Bajo este contexto, un equipo de profesionales se encuentra desarrollando una propuesta de valoraci\u00f3n econ\u00f3mica tanto del stock actual de carbono almacenado en pastizales, coironales, vegas y turberas nativas de la estepa magall\u00e1nica, como de su potencial de secuestro anual.<\/p>\n\n\n\n<p>&nbsp;Durante la primera etapa se consider\u00f3 la prefactibilidad del proyecto en diversas \u00e1reas para su posterior dise\u00f1o, lo que dar\u00e1 paso a la ejecuci\u00f3n del programa a partir de este mes.<\/p>\n\n\n\n<p>De esta forma, Magallanes se posiciona de manera concreta como regi\u00f3n pionera en soluciones sostenibles basadas en la naturaleza.<\/p>\n","protected":false},"excerpt":{"rendered":"<p>Expertos a nivel internacional se congregar\u00e1n durante la jornada de hoy en Punta Arenas, con el prop\u00f3sito de consolidar el programa denominado \u201cRespira Patagonia\u201d, una soluci\u00f3n innovadora para abordar la&#8230; <a class=\"read-more\" href=\"https:\/\/www.radiopresidenteibanez.cl\/web\/desde-magallanes-inedito-proyecto-de-conservacion-y-restauracion-de-suelos-contribuira-a-la-mitigacion-del-cambio-climatico\/\">Leer m\u00e1s<\/a><\/p>\n","protected":false},"author":2,"featured_media":53468,"comment_status":"closed","ping_status":"closed","sticky":false,"template":"","format":"standard","meta":{"footnotes":""},"categories":[1],"tags":[],"class_list":["post-53467","post","type-post","status-publish","format-standard","has-post-thumbnail","hentry","category-cronica"],"_links":{"self":[{"href":"https:\/\/www.radiopresidenteibanez.cl\/web\/wp-json\/wp\/v2\/posts\/53467","targetHints":{"allow":["GET"]}}],"collection":[{"href":"https:\/\/www.radiopresidenteibanez.cl\/web\/wp-json\/wp\/v2\/posts"}],"about":[{"href":"https:\/\/www.radiopresidenteibanez.cl\/web\/wp-json\/wp\/v2\/types\/post"}],"author":[{"embeddable":true,"href":"https:\/\/www.radiopresidenteibanez.cl\/web\/wp-json\/wp\/v2\/users\/2"}],"replies":[{"embeddable":true,"href":"https:\/\/www.radiopresidenteibanez.cl\/web\/wp-json\/wp\/v2\/comments?post=53467"}],"version-history":[{"count":0,"href":"https:\/\/www.radiopresidenteibanez.cl\/web\/wp-json\/wp\/v2\/posts\/53467\/revisions"}],"wp:featuredmedia":[{"embeddable":true,"href":"https:\/\/www.radiopresidenteibanez.cl\/web\/wp-json\/wp\/v2\/media\/53468"}],"wp:attachment":[{"href":"https:\/\/www.radiopresidenteibanez.cl\/web\/wp-json\/wp\/v2\/media?parent=53467"}],"wp:term":[{"taxonomy":"category","embeddable":true,"href":"https:\/\/www.radiopresidenteibanez.cl\/web\/wp-json\/wp\/v2\/categories?post=53467"},{"taxonomy":"post_tag","embeddable":true,"href":"https:\/\/www.radiopresidenteibanez.cl\/web\/wp-json\/wp\/v2\/tags?post=53467"}],"curies":[{"name":"wp","href":"https:\/\/api.w.org\/{rel}","templated":true}]}}