{"id":53446,"date":"2025-01-06T09:23:43","date_gmt":"2025-01-06T12:23:43","guid":{"rendered":"https:\/\/www.radiopresidenteibanez.cl\/web\/?p=53446"},"modified":"2025-01-06T09:23:52","modified_gmt":"2025-01-06T12:23:52","slug":"chile-antartico","status":"publish","type":"post","link":"https:\/\/www.radiopresidenteibanez.cl\/web\/chile-antartico\/","title":{"rendered":"CHILE ANT\u00c1RTICO"},"content":{"rendered":"\n<p>En estos primeros d\u00edas del a\u00f1o 2025, las chimuchinas de la pol\u00edtica cotidiana quedaron en suspenso, \u201ccongeladas\u201d podr\u00edamos decir, ante la realizaci\u00f3n de un hist\u00f3rico viaje del jefe de estado de Chile, Gabriel Boric, nada m\u00e1s ni nada menos, que hasta el Polo Sur. El punto donde comienza el territorio ant\u00e1rtico chileno, y, por cierto, el hito cero de la regi\u00f3n de Magallanes y de la ant\u00e1rtica chilena. Cuando algunos de nosotros hemos sido majaderos, pidiendo a la clase pol\u00edtica acciones que convoquen, que unan a los chilenos y chilenas, el presidente Boric, decide dar un paso m\u00e1s,<br>en una l\u00ednea muy clara en defensa de la soberan\u00eda nacional. Reivindicando el rol que debe jugar Chile como puerta de entrada de la ant\u00e1rtica, y, asimismo, defendiendo que este territorio de \u00faltima frontera, se conserve como una tierra consagrada a la paz y a la ciencia, y a la colaboraci\u00f3n entre los pa\u00edses firmantes del Tratado ant\u00e1rtico.<br>Es cierto que se puede criticar desde varios enfoques, el desempe\u00f1o general del gobierno actual, salvo un peque\u00f1o grupo de incondicionales, el pa\u00eds entero, tiene algo que reprochar al gobierno progresista. Por eso, que resulta muy edificante partir el a\u00f1o, con una noticia que es abrumadoramente aplaudida por la ciudadan\u00eda. M\u00e1s aun, cuando este punto culmine ha venido precedida, de hechos de gran importancia. Cito como ejemplo el anuncio de la pol\u00edtica<br>nacional de construcci\u00f3n naval, que se efectu\u00f3 en la cuenta p\u00fablica del a\u00f1o pasado. Este constituye un hito en la planificaci\u00f3n de la inversi\u00f3n p\u00fablica, y en el desarrollo de una industria compleja, que pone a Chile en las grandes ligas de la construcci\u00f3n naval. En esto no nos hemos equivocado, los primeros pasos en una estrategia de construcci\u00f3n Naval fueron en 2017 con la presidenta Michelle Bachelet, este esfuerzo, fue continuado por el presidente Pi\u00f1era, y los<br>primeros frutos se ven en este gobierno. Lo reconoc\u00eda el presidente Boric, en la ceremonia de bendici\u00f3n del Rompehielos Oscar Viel. La primera plancha de acero, se cort\u00f3 en 2017 en presencia de la presidenta Bachelet, la continuidad del proyecto a trav\u00e9s de tres gobiernos de sellos pol\u00edticos distintos, permite hoy que el Oscar Viel, arribe orgulloso a su puerto base en Punta Arenas, en medio de la algarab\u00eda popular.<br>La pol\u00edtica nacional de construcci\u00f3n naval va a permitir, consolidar una industria estrat\u00e9gica para nuestro pa\u00eds, que nos permite adem\u00e1s ofrecer productos de calidad certificada internacionalmente. Primero fue el Remolcador ant\u00e1rtico Lientur, luego el rompehielos Oscar Viel. Las caracter\u00edsticas de esta nave con un caso reforzado, le permiten operar en condiciones extremas, con temperaturas de -30 grados Celsius, pudiendo romper hielos hasta de un metro de<br>espesor. Es el primer rompehielos construido en Sudam\u00e9rica, tiene un desplazamiento de 10 mil 500 toneladas, y una autonom\u00eda de navegaci\u00f3n de 60 d\u00edas y un alcance de 14 mil millas n\u00e1uticas. Se construy\u00f3 en astilleros de ASMAR en Talcahuano, y en la faena se emple\u00f3 a m\u00e1s de 600 personas, de ellos 300 t\u00e9cnicos e ingenieros chilenos y extranjeros.<br>El viaje del jefe de estado chileno al Polo Sur, se concret\u00f3 este viernes 3 de enero. Seg\u00fan describe la cr\u00f3nica oficial, la comitiva integrada por el presidente Boric, las ministras de defensa y del Medio ambiente, la subsecretaria de relaciones exteriores, y los comandantes en jefe de la Armada, de la FACH y del Ej\u00e9rcito. Tambi\u00e9n concurri\u00f3 la entidad de canciller\u00eda que ejecuta y coordina las labores cient\u00edficas en la ant\u00e1rtica, el INACH, con su director nacional Gino<br>Cassasa, e investigadores de INACH Ricardo Ja\u00f1a y El\u00edas Barticevic.<br>El presidente Boric es el \u00fanico mandatario latinoamericano en viajar hasta el Polo Sur, como lo record\u00f3 el mismo en un video filmado en el lugar. S\u00f3lo 12 banderas se encuentran en el Polo Sur, una de ellas es la orgullosa tricolor, reivindicando el reclamo soberano, sobre la granja ant\u00e1rtica de nuestro territorio. El viaje fue una proeza log\u00edstica de la FACH, donde se prob\u00f3 los equipos y las tripulaciones, entrenadas para desempe\u00f1arse en cualquier lugar del territorio nacional, y bajo cualquier condici\u00f3n y horario. El viaje sali\u00f3 el 02 de enero, a las 21,00 horas. de la base Pudahuel, y en todos los tramos, los desplazamientos se efectuaron en equipos de la FACH, un Boeing 737 para el tramo de 2.200 kms entre base Pudahuel y Base Chabunco en Punta Arenas (3 horas). 2 aeronaves G-IV Gulfstream desde Base Chabunco a Glaciar Uni\u00f3n en el continente ant\u00e1rtico, tramo de 3.100 kms. (cubiertos en 3,45 horas.). Y desde Glaciar Uni\u00f3n al Polo Sur, desplazamiento de 1.140 km en 2 Twin Otter y 2 helic\u00f3pteros Black Hawk (6 horas). La operaci\u00f3n Estrella Polar III se<br>concret\u00f3 al cabo de 36 horas, arribando al Polo Sur el Presidente Boric y toda su comitiva. Se efectu\u00f3 una visita a la Base Amundsen de los Estados Unidos, y los cient\u00edficos aprovecharon de extraer muestras para medir los efectos de la contaminaci\u00f3n en esa latitud.<\/p>\n\n\n\n<p>La presencia del jefe de estado de Chile en el Polo Sur, no s\u00f3lo constituye un hito para las relaciones internacionales, sino que ratifica la vocaci\u00f3n ant\u00e1rtica de Chile. En esto la pol\u00edtica partidista cede ante los superiores intereses de estado. Chile es uno de los 12 pa\u00edses firmantes del Tratado Ant\u00e1rtico de 01 de diciembre de 1959, que entr\u00f3 en vigencia el 23 de junio de 1961. En el hito que marca el Polo Sur, s\u00f3lo 12 banderas custodian la inmensidad ant\u00e1rtica, y lo que han hecho los sucesivos gobiernos chilenos, es el ejercicio de actos de posesi\u00f3n ininterrumpidos sobre<br>dicho territorio. El tratado estableci\u00f3 a la ant\u00e1rtica como un territorio consagrado a la paz, y a la ciencia. El tratado ant\u00e1rtico hoy lo componen cincuenta y tres pa\u00edses. Pero de estos s\u00f3lo 29 tienen el estatus de estados consultivos, vale decir, con derecho a voz y a voto. Chile tiene el car\u00e1cter de estado consultivo. En virtud al tratado todas las reclamaciones territoriales, se encuentran suspendidas, y durante su vigencia, el continente blanco, ha sido un espacio donde los pa\u00edses han desplegado, esfuerzos de colaboraci\u00f3n en materias log\u00edsticas y de investigaci\u00f3n.<br>La importancia de Chile como pa\u00eds puerta de entrada a la ant\u00e1rtica, se ratifica con el despliegue de medios t\u00e9cnicos y humanos que permitieron el viaje de nuestro jefe de estado hasta el polo Sur, lugar de inicio del territorio ant\u00e1rtico chileno. Pero tambi\u00e9n disponiendo de un rompehielos dotado con la m\u00e1s moderna tecnolog\u00eda, y con espacios adecuados para el apoyo log\u00edstico de las campa\u00f1as ant\u00e1rticas. No s\u00f3lo de los cient\u00edficos chilenos, sino de los m\u00e1s de 25<br>pa\u00edses que han escogido como puerto base Punta Arenas. En esta misma l\u00ednea, se enmarca la inversi\u00f3n del estado en la construcci\u00f3n del Centro Ant\u00e1rtico Internacional, que posicionar\u00e1 a Punta Arenas ciudad polar. Asimismo, la decisi\u00f3n de ampliar y actualizar nuestras bases ant\u00e1rticas, como por ejemplo la Base Carvajal a 67\u00b0 lat. Sur, para permitir su uso durante todo el a\u00f1o. Pero tambi\u00e9n inversiones necesarias en Villa Las Estrellas, para brindar las mejores condiciones que permitan mantener pobladores permanentemente.<\/p>\n","protected":false},"excerpt":{"rendered":"<p>En estos primeros d\u00edas del a\u00f1o 2025, las chimuchinas de la pol\u00edtica cotidiana quedaron en suspenso, \u201ccongeladas\u201d podr\u00edamos decir, ante la realizaci\u00f3n de un hist\u00f3rico viaje del jefe de estado&#8230; <a class=\"read-more\" href=\"https:\/\/www.radiopresidenteibanez.cl\/web\/chile-antartico\/\">Leer m\u00e1s<\/a><\/p>\n","protected":false},"author":2,"featured_media":53447,"comment_status":"closed","ping_status":"closed","sticky":false,"template":"","format":"standard","meta":{"footnotes":""},"categories":[1],"tags":[],"class_list":["post-53446","post","type-post","status-publish","format-standard","has-post-thumbnail","hentry","category-cronica"],"_links":{"self":[{"href":"https:\/\/www.radiopresidenteibanez.cl\/web\/wp-json\/wp\/v2\/posts\/53446","targetHints":{"allow":["GET"]}}],"collection":[{"href":"https:\/\/www.radiopresidenteibanez.cl\/web\/wp-json\/wp\/v2\/posts"}],"about":[{"href":"https:\/\/www.radiopresidenteibanez.cl\/web\/wp-json\/wp\/v2\/types\/post"}],"author":[{"embeddable":true,"href":"https:\/\/www.radiopresidenteibanez.cl\/web\/wp-json\/wp\/v2\/users\/2"}],"replies":[{"embeddable":true,"href":"https:\/\/www.radiopresidenteibanez.cl\/web\/wp-json\/wp\/v2\/comments?post=53446"}],"version-history":[{"count":0,"href":"https:\/\/www.radiopresidenteibanez.cl\/web\/wp-json\/wp\/v2\/posts\/53446\/revisions"}],"wp:featuredmedia":[{"embeddable":true,"href":"https:\/\/www.radiopresidenteibanez.cl\/web\/wp-json\/wp\/v2\/media\/53447"}],"wp:attachment":[{"href":"https:\/\/www.radiopresidenteibanez.cl\/web\/wp-json\/wp\/v2\/media?parent=53446"}],"wp:term":[{"taxonomy":"category","embeddable":true,"href":"https:\/\/www.radiopresidenteibanez.cl\/web\/wp-json\/wp\/v2\/categories?post=53446"},{"taxonomy":"post_tag","embeddable":true,"href":"https:\/\/www.radiopresidenteibanez.cl\/web\/wp-json\/wp\/v2\/tags?post=53446"}],"curies":[{"name":"wp","href":"https:\/\/api.w.org\/{rel}","templated":true}]}}