{"id":5344,"date":"2019-06-27T14:31:55","date_gmt":"2019-06-27T14:31:55","guid":{"rendered":"http:\/\/www.radiopresidenteibanez.cl\/web\/?p=5344"},"modified":"2019-06-27T14:32:34","modified_gmt":"2019-06-27T14:32:34","slug":"subsecretario-de-obras-publicas-anuncia-licitacion-internacional-para-aerodromo-balmaceda-y-aeropuerto-de-punta-arenas","status":"publish","type":"post","link":"https:\/\/www.radiopresidenteibanez.cl\/web\/subsecretario-de-obras-publicas-anuncia-licitacion-internacional-para-aerodromo-balmaceda-y-aeropuerto-de-punta-arenas\/","title":{"rendered":"SUBSECRETARIO DE OBRAS P\u00daBLICAS ANUNCIA LICITACI\u00d3N INTERNACIONAL PARA AER\u00d3DROMO BALMACEDA Y AEROPUERTO DE PUNTA ARENAS"},"content":{"rendered":"\n<p>Desde el Aeropuerto Carlos Ib\u00e1\u00f1ez del Campo de Punta Arenas, el Subsecretario de Obras P\u00fablicas Lucas Palacios, junto al Subsecretario de Hacienda Francisco Moreno y el Intendente Jos\u00e9 Fern\u00e1ndez, dieron a conocer en detalle el Plan de Aeropuertos anunciado por el Presidente Sebasti\u00e1n Pi\u00f1era.<\/p>\n\n\n\n<p>El Subsecretario de Obras P\u00fablicas, adem\u00e1s anunci\u00f3 que se realizar\u00e1 un llamado a licitaci\u00f3n internacional de la Red Austral, que contempla el aer\u00f3dromo Balmaceda y el Aeropuerto Carlos Ib\u00e1\u00f1ez del Campo.<\/p>\n\n\n\n<p>En consideraci\u00f3n al t\u00e9rmino de la actual concesi\u00f3n del recinto aeroportuario de Punta Arenas y el alto crecimiento que supera el 7 por ciento en los \u00faltimos 20 a\u00f1os, la Direcci\u00f3n de Aeropuertos del Ministerio de Obras P\u00fablicas desarroll\u00f3 un Anteproyecto Referencial de Ampliaci\u00f3n y Mejoramiento, que define las obras a ejecutar durante la tercera concesi\u00f3n, con el objeto de responder a la demanda proyectada durante un periodo de 15 a\u00f1os.<\/p>\n\n\n\n<p>El Subsecretario de Obras P\u00fablicas, Lucas Palacios, se\u00f1al\u00f3 que \u201cvamos a construir un nuevo aeropuerto que va a ser sustantivamente m\u00e1s grande que el que conocemos hoy y que nos qued\u00f3 chico. El a\u00f1o pasado tuvimos 1.256.000 pasajeros, un 17,8%&nbsp;&nbsp;m\u00e1s que el a\u00f1o anterior, por lo tanto lo que hicimos fue proyectar los flujos a futuro por lo que decidimos construir un nuevo aeropuerto con una capacidad mucho mayor\u201d.<\/p>\n\n\n\n<p>Se espera que en el nuevo periodo de concesi\u00f3n, de 15 a\u00f1os, se reciba un total de 2.300.000 pasajeros totales para el a\u00f1o 2037.<\/p>\n\n\n\n<p>En este contexto, el Subsecretario MOP indic\u00f3 que \u201cel aeropuerto actual tiene 6.700 m2 y vamos a construir uno de 16.000 m2. Adem\u00e1s vamos a aumentar las puertas de acceso a los aviones de las tres que tiene fijo actualmente a cinco&nbsp;&nbsp;m\u00f3viles, lo cual tambi\u00e9n le da mucha m\u00e1s capacidad, seguridad y comodidad a los pasajeros. Adicionalmente vamos a aumentar de 7 a 18 los estacionamientos para aviones. Es decir, estamos viendo este aeropuerto como un recinto que va a asumir todo el empuje que tiene esta regi\u00f3n\u201d.<\/p>\n\n\n\n<p>Asimismo se ampliar\u00e1n los estacionamientos vehiculares de 441 a 579, y se construir\u00e1 un nuevo complejo para la Direcci\u00f3n General de Aeron\u00e1utica Civil (DGAC).<\/p>\n\n\n\n<p>Para materializar esta imponente obra, destac\u00f3 el Subsecretario de Obras P\u00fablicas que se invertir\u00e1n cerca de USD MM $70.<\/p>\n\n\n\n<p>Junto con lo anterior, agreg\u00f3: \u201cTodo esto viene dentro de una estrategia del Gobierno que busca profundizar el transporte aeroportuario que antes estaba reservado para algunos pocos pero ahora est\u00e1 al alcance de muchos, por lo cual han aumentado fuertemente los flujos. Queremos romper con el santiagocentrismo donde todos los vuelos tienen que pasar por Santiago. Ahora, con lo que estamos haciendo, van a haber vuelos directos interregionales y tambi\u00e9n vamos a habilitar un mayor n\u00famero de aeropuertos internacionales. Tenemos las capacidades, tenemos la voluntad, y tenemos la convicci\u00f3n de hacerlo\u201d.<\/p>\n\n\n\n<p>Por \u00faltimo, indic\u00f3 Palacios que el desarrollo de este tipo de planes permitir\u00e1n darle un impulso a la econom\u00eda nacional. \u201cLamentablemente estamos acostumbrados en Chile a que la infraestructura llega tarde y se transforma en vez de un motor de desarrollo, en un freno de mano. Lo que est\u00e1 haciendo el Gobierno es todo lo contrario,&nbsp;&nbsp;el Presidente Sebasti\u00e1n Pi\u00f1era nos ha pedido que nos adelantemos a los tiempos y r\u00e1pidamente tomemos las decisiones de ampliar los terminales a\u00e9reos como corresponde, mejorar las rutas terrestres, mejorar los puertos y toda la infraestructura. Esto va a generar un gatillo al desarrollo del pa\u00eds y, adem\u00e1s, va a generar un mont\u00f3n de puestos de trabajo que es tambi\u00e9n lo que necesitamos para sacar la econom\u00eda de Chile adelante\u201d.<\/p>\n\n\n\n<p>En la visita efectuada al Aeropuerto de Punta Arenas, participaron adem\u00e1s el\u00a0Gobernador de la Provincia de Magallanes Homero Villegas, Seremi de Obras P\u00fablicas Pablo Rendoll, Seremi de Hacienda Lil Garc\u00e9s, Director Regional de Aeropuertos Hardy Rehbein, y el Jefe de la Zona Aeroportuaria Austral de la DGAC, Sergio Gallo.<\/p>\n\n\n\n<figure class=\"wp-block-image\"><img loading=\"lazy\" decoding=\"async\" width=\"800\" height=\"450\" src=\"https:\/\/www.radiopresidenteibanez.cl\/web\/wp-content\/uploads\/2019\/06\/8426791704318112840__MG_5104.jpg\" alt=\"\" class=\"wp-image-5345\" srcset=\"https:\/\/www.radiopresidenteibanez.cl\/web\/wp-content\/uploads\/2019\/06\/8426791704318112840__MG_5104.jpg 800w, https:\/\/www.radiopresidenteibanez.cl\/web\/wp-content\/uploads\/2019\/06\/8426791704318112840__MG_5104-300x169.jpg 300w, https:\/\/www.radiopresidenteibanez.cl\/web\/wp-content\/uploads\/2019\/06\/8426791704318112840__MG_5104-768x432.jpg 768w\" sizes=\"auto, (max-width: 800px) 100vw, 800px\" \/><\/figure>\n","protected":false},"excerpt":{"rendered":"<p>Desde el Aeropuerto Carlos Ib\u00e1\u00f1ez del Campo de Punta Arenas, el Subsecretario de Obras P\u00fablicas Lucas Palacios, junto al Subsecretario de Hacienda Francisco Moreno y el Intendente Jos\u00e9 Fern\u00e1ndez, dieron&#8230; <a class=\"read-more\" href=\"https:\/\/www.radiopresidenteibanez.cl\/web\/subsecretario-de-obras-publicas-anuncia-licitacion-internacional-para-aerodromo-balmaceda-y-aeropuerto-de-punta-arenas\/\">Leer m\u00e1s<\/a><\/p>\n","protected":false},"author":2,"featured_media":5345,"comment_status":"closed","ping_status":"closed","sticky":false,"template":"","format":"standard","meta":{"footnotes":""},"categories":[1],"tags":[],"class_list":["post-5344","post","type-post","status-publish","format-standard","has-post-thumbnail","hentry","category-cronica"],"_links":{"self":[{"href":"https:\/\/www.radiopresidenteibanez.cl\/web\/wp-json\/wp\/v2\/posts\/5344","targetHints":{"allow":["GET"]}}],"collection":[{"href":"https:\/\/www.radiopresidenteibanez.cl\/web\/wp-json\/wp\/v2\/posts"}],"about":[{"href":"https:\/\/www.radiopresidenteibanez.cl\/web\/wp-json\/wp\/v2\/types\/post"}],"author":[{"embeddable":true,"href":"https:\/\/www.radiopresidenteibanez.cl\/web\/wp-json\/wp\/v2\/users\/2"}],"replies":[{"embeddable":true,"href":"https:\/\/www.radiopresidenteibanez.cl\/web\/wp-json\/wp\/v2\/comments?post=5344"}],"version-history":[{"count":0,"href":"https:\/\/www.radiopresidenteibanez.cl\/web\/wp-json\/wp\/v2\/posts\/5344\/revisions"}],"wp:featuredmedia":[{"embeddable":true,"href":"https:\/\/www.radiopresidenteibanez.cl\/web\/wp-json\/wp\/v2\/media\/5345"}],"wp:attachment":[{"href":"https:\/\/www.radiopresidenteibanez.cl\/web\/wp-json\/wp\/v2\/media?parent=5344"}],"wp:term":[{"taxonomy":"category","embeddable":true,"href":"https:\/\/www.radiopresidenteibanez.cl\/web\/wp-json\/wp\/v2\/categories?post=5344"},{"taxonomy":"post_tag","embeddable":true,"href":"https:\/\/www.radiopresidenteibanez.cl\/web\/wp-json\/wp\/v2\/tags?post=5344"}],"curies":[{"name":"wp","href":"https:\/\/api.w.org\/{rel}","templated":true}]}}