{"id":53433,"date":"2025-01-03T18:59:00","date_gmt":"2025-01-03T21:59:00","guid":{"rendered":"https:\/\/www.radiopresidenteibanez.cl\/web\/?p=53433"},"modified":"2025-01-03T11:23:39","modified_gmt":"2025-01-03T14:23:39","slug":"ese-domingo-se-realiza-3era-corrida-internacional-tabsa-en-porvenir","status":"publish","type":"post","link":"https:\/\/www.radiopresidenteibanez.cl\/web\/ese-domingo-se-realiza-3era-corrida-internacional-tabsa-en-porvenir\/","title":{"rendered":"Ese domingo se realiza 3era Corrida Internacional TABSA en Porvenir"},"content":{"rendered":"\n<p>Todo listo y dispuesto se encuentra en la capital de Tierra del Fuego para la realizaci\u00f3n de la 3era Corrida Internacional TABSA Porvenir 2025 la que ha concitado un gran inter\u00e9s durante el proceso de inscripci\u00f3n y que se desarrollar\u00e1 este domingo 5 de enero a las 11.30 horas, saliendo del terminal de Bah\u00eda Chilota.<\/p>\n\n\n\n<p>La competencia incluye un sistema de cronometraje el\u00e9ctrico contemplando categor\u00edas de 10K, 5K, y Recreativa. En esta \u00faltima est\u00e1 permitido el uso de bicicletas y concurrir con mascotas.<\/p>\n\n\n\n<p>La entrega de kits a los participantes se realizar\u00e1 en Zona Austral, el s\u00e1bado 4 de diciembre de 10 a 13 horas y de 15 a 18 horas.<\/p>\n\n\n\n<p>Asimismo, se dispuso horarios de zarpe especiales para los participantes de la corrida. Es as\u00ed como el ferry Pathagon zarpar\u00e1 desde Tres Puentes a las 8 horas y desde Bah\u00eda Chilota, en Porvenir, a las 15.30 horas debi\u00e9ndose presentar los pasajeros una hora antes para el embarque.<\/p>\n\n\n\n<p>Desde TABSA se agradeci\u00f3 el respaldo de la Ilustre Municipalidad de Porvenir, la Armada de Chile, los patrocinadores GASCO Magallanes, Recasur, Edelmag, Constructora Vilicic y Zona Austral y la colaboradora Fruter\u00eda Patricio D\u00edaz.<\/p>\n","protected":false},"excerpt":{"rendered":"<p>Todo listo y dispuesto se encuentra en la capital de Tierra del Fuego para la realizaci\u00f3n de la 3era Corrida Internacional TABSA Porvenir 2025 la que ha concitado un gran&#8230; <a class=\"read-more\" href=\"https:\/\/www.radiopresidenteibanez.cl\/web\/ese-domingo-se-realiza-3era-corrida-internacional-tabsa-en-porvenir\/\">Leer m\u00e1s<\/a><\/p>\n","protected":false},"author":2,"featured_media":53434,"comment_status":"closed","ping_status":"closed","sticky":false,"template":"","format":"standard","meta":{"footnotes":""},"categories":[1],"tags":[],"class_list":["post-53433","post","type-post","status-publish","format-standard","has-post-thumbnail","hentry","category-cronica"],"_links":{"self":[{"href":"https:\/\/www.radiopresidenteibanez.cl\/web\/wp-json\/wp\/v2\/posts\/53433","targetHints":{"allow":["GET"]}}],"collection":[{"href":"https:\/\/www.radiopresidenteibanez.cl\/web\/wp-json\/wp\/v2\/posts"}],"about":[{"href":"https:\/\/www.radiopresidenteibanez.cl\/web\/wp-json\/wp\/v2\/types\/post"}],"author":[{"embeddable":true,"href":"https:\/\/www.radiopresidenteibanez.cl\/web\/wp-json\/wp\/v2\/users\/2"}],"replies":[{"embeddable":true,"href":"https:\/\/www.radiopresidenteibanez.cl\/web\/wp-json\/wp\/v2\/comments?post=53433"}],"version-history":[{"count":0,"href":"https:\/\/www.radiopresidenteibanez.cl\/web\/wp-json\/wp\/v2\/posts\/53433\/revisions"}],"wp:featuredmedia":[{"embeddable":true,"href":"https:\/\/www.radiopresidenteibanez.cl\/web\/wp-json\/wp\/v2\/media\/53434"}],"wp:attachment":[{"href":"https:\/\/www.radiopresidenteibanez.cl\/web\/wp-json\/wp\/v2\/media?parent=53433"}],"wp:term":[{"taxonomy":"category","embeddable":true,"href":"https:\/\/www.radiopresidenteibanez.cl\/web\/wp-json\/wp\/v2\/categories?post=53433"},{"taxonomy":"post_tag","embeddable":true,"href":"https:\/\/www.radiopresidenteibanez.cl\/web\/wp-json\/wp\/v2\/tags?post=53433"}],"curies":[{"name":"wp","href":"https:\/\/api.w.org\/{rel}","templated":true}]}}