{"id":534,"date":"2019-01-17T17:36:32","date_gmt":"2019-01-17T17:36:32","guid":{"rendered":"http:\/\/www.radiopresidenteibanez.cl\/web\/?p=534"},"modified":"2019-01-17T17:37:00","modified_gmt":"2019-01-17T17:37:00","slug":"mas-de-cien-ninos-de-punta-arenas-participan-de-los-centros-de-cuidados-de-verano","status":"publish","type":"post","link":"https:\/\/www.radiopresidenteibanez.cl\/web\/mas-de-cien-ninos-de-punta-arenas-participan-de-los-centros-de-cuidados-de-verano\/","title":{"rendered":"M\u00c1S DE CIEN NI\u00d1OS DE PUNTA ARENAS PARTICIPAN DE LOS CENTROS DE CUIDADOS DE VERANO"},"content":{"rendered":"\n<p>\n\nCon el objetivo de entregar un espacio seguro a m\u00e1s de cien menores de la comuna, el Municipio de Punta Arenas y la Secretar\u00eda Regional Ministerial de Desarrollo Social, realizaron el lanzamiento de los Centros para ni\u00f1os y ni\u00f1as con cuidadores principales temporeros o temporeras, que operan en dependencias de la escuela Argentina y Manuel Bulnes, y que buscan colaborar con madres y padres trabajadores a quienes, en ocasiones, se les dificulta asistir a sus labores diarias por no contar con apoyo para el cuidado de sus hijos.&nbsp;De la actividad, participaron el intendente (S), Nicol\u00e1s Cogler; la seremi de Desarrollo Social, Liz Casanueva; la directora de Desarrollo Comunitario del Municipio de Punta Arenas, Elena Blackwood, quien represent\u00f3 al alcalde, Claudio Radonich; adem\u00e1s de autoridades regionales y comunales.\u201cEs un convenio que nosotros realizamos con distintas municipalidades. En este caso, y para esta convocatoria 2019, tenemos a la comuna de Puerto Natales con 39 ni\u00f1os y en la comuna de Punta Arenas, tenemos 60 ni\u00f1os\u201d, afirm\u00f3 la seremi de Desarrollo Social, Liz Casanueva, agregando que est\u00e1n \u201cmuy contentos como Gobierno del Presidente Sebasti\u00e1n Pi\u00f1era, donde se pone a los ni\u00f1os primero. \u00c9stas son instancias que demuestran este eslogan, que muchas veces estamos dando dentro de la comunidad\u201d.&nbsp;La autoridad tambi\u00e9n destac\u00f3 el aporte realizado por el Municipio de Punta Arenas, ya que gracias a una iniciativa del alcalde, Claudio Radonich, se logr\u00f3 ampliar la cantidad de cupos para otros 50 menores, centro que opera en la escuela Manuel Bulnes.&nbsp;\u201cEn el caso de la escuela Argentina, recibimos el apoyo de la serem\u00eda de Desarrollo Social. Y en el caso de la escuela Manuel Bulnes, es cien por ciento con recursos municipales. Es un impulso que entreg\u00f3 nuestro alcalde, Claudio Radonich, para poder abrir este espacio a m\u00e1s ni\u00f1os y fue una preocupaci\u00f3n principal de \u00e9l, a trav\u00e9s de Dideco, el poder llevar a cabo esa actividad en la escuela Manuel Bulnes\u201d, afirm\u00f3 la directora de Desarrollo Comunitario, Elena Blackwood, agregando que los interesados pueden acercarse a los establecimientos para consultar respecto a la existencia de cupos.&nbsp;La iniciativa fue destacada por los padres asistentes, quienes agradecieron el poder contar con un espacio que les entregue tranquilidad en sus labores diarias.&nbsp;\u201cMi hijo lleva 3 a\u00f1os participando en esta actividad y es genial que puedan hacer esto para los ni\u00f1os, porque finalmente todos los papis trabajamos y uno est\u00e1 tranquila trabajando, porque de repente uno no tiene con quien dejarlos en casa y mejor que est\u00e9n acompa\u00f1ados a que est\u00e9n solos. Y ac\u00e1 aprenden, les ense\u00f1an cosas importantes, los hacen leer, que igual es bueno, y juegan, se divierten, que es lo que m\u00e1s les gusta a ellos\u201d, indic\u00f3 Natalia Torres, una de las beneficiadas.&nbsp;Los Centros para ni\u00f1os y ni\u00f1as con cuidadores principales temporeros o temporeras est\u00e1n dirigidos a menores de entre 6 y 12 a\u00f1os de edad, y funcionan en las escuelas Argentina y Manuel Bulnes, entre las 8.30 y las 17.30 horas, hasta el 12 de febrero.Durante la jornada, los peque\u00f1os realizan distintos talleres, juegan, se divierten y aprenden, adem\u00e1s de recibir alimentaci\u00f3n y cuidado seguro.&nbsp;\n\n<\/p>\n","protected":false},"excerpt":{"rendered":"<p>Con el objetivo de entregar un espacio seguro a m\u00e1s de cien menores de la comuna, el Municipio de Punta Arenas y la Secretar\u00eda Regional Ministerial de Desarrollo Social, realizaron&#8230; <a class=\"read-more\" href=\"https:\/\/www.radiopresidenteibanez.cl\/web\/mas-de-cien-ninos-de-punta-arenas-participan-de-los-centros-de-cuidados-de-verano\/\">Leer m\u00e1s<\/a><\/p>\n","protected":false},"author":2,"featured_media":535,"comment_status":"closed","ping_status":"closed","sticky":false,"template":"","format":"standard","meta":{"footnotes":""},"categories":[1],"tags":[],"class_list":["post-534","post","type-post","status-publish","format-standard","has-post-thumbnail","hentry","category-cronica"],"_links":{"self":[{"href":"https:\/\/www.radiopresidenteibanez.cl\/web\/wp-json\/wp\/v2\/posts\/534","targetHints":{"allow":["GET"]}}],"collection":[{"href":"https:\/\/www.radiopresidenteibanez.cl\/web\/wp-json\/wp\/v2\/posts"}],"about":[{"href":"https:\/\/www.radiopresidenteibanez.cl\/web\/wp-json\/wp\/v2\/types\/post"}],"author":[{"embeddable":true,"href":"https:\/\/www.radiopresidenteibanez.cl\/web\/wp-json\/wp\/v2\/users\/2"}],"replies":[{"embeddable":true,"href":"https:\/\/www.radiopresidenteibanez.cl\/web\/wp-json\/wp\/v2\/comments?post=534"}],"version-history":[{"count":0,"href":"https:\/\/www.radiopresidenteibanez.cl\/web\/wp-json\/wp\/v2\/posts\/534\/revisions"}],"wp:featuredmedia":[{"embeddable":true,"href":"https:\/\/www.radiopresidenteibanez.cl\/web\/wp-json\/wp\/v2\/media\/535"}],"wp:attachment":[{"href":"https:\/\/www.radiopresidenteibanez.cl\/web\/wp-json\/wp\/v2\/media?parent=534"}],"wp:term":[{"taxonomy":"category","embeddable":true,"href":"https:\/\/www.radiopresidenteibanez.cl\/web\/wp-json\/wp\/v2\/categories?post=534"},{"taxonomy":"post_tag","embeddable":true,"href":"https:\/\/www.radiopresidenteibanez.cl\/web\/wp-json\/wp\/v2\/tags?post=534"}],"curies":[{"name":"wp","href":"https:\/\/api.w.org\/{rel}","templated":true}]}}