{"id":53399,"date":"2025-01-02T13:11:00","date_gmt":"2025-01-02T16:11:00","guid":{"rendered":"https:\/\/www.radiopresidenteibanez.cl\/web\/?p=53399"},"modified":"2025-01-02T11:18:25","modified_gmt":"2025-01-02T14:18:25","slug":"slep-magallanes-presento-a-nuevos-directores-de-liceos-tecnico-profesionales","status":"publish","type":"post","link":"https:\/\/www.radiopresidenteibanez.cl\/web\/slep-magallanes-presento-a-nuevos-directores-de-liceos-tecnico-profesionales\/","title":{"rendered":"SLEP Magallanes present\u00f3 a nuevos directores de liceos t\u00e9cnico profesionales"},"content":{"rendered":"\n<p>Dos educadores con amplia formaci\u00f3n y trayectoria fueron seleccionados por medio del sistema de Alta Direcci\u00f3n P\u00fablica para encabezar los pr\u00f3ximos cinco a\u00f1os la gesti\u00f3n educativa en sendos recintos de ense\u00f1anza t\u00e9cnico profesional.<\/p>\n\n\n\n<p>Se trata de la profesora Ivonne Marcela Hermosilla Bellenger, quien llega a la direcci\u00f3n del Instituto Superior de Comercio (INSUCO) y el docente Manuel Augusto M\u00e9ndez Staub, quien estar\u00e1 al frente del Liceo Polit\u00e9cnico Cardenal Ra\u00fal Silva Henr\u00edquez.<\/p>\n\n\n\n<p>Los profesionales resultaron nominados despu\u00e9s de un riguroso proceso de an\u00e1lisis curricular, experiencia y entrevistas a cargo del Servicio Civil que comenz\u00f3 en el mes de junio del a\u00f1o pasado. El mismo procedimiento concluy\u00f3 declarando desiertos los resultados de otros tres concursos vinculados a los liceos Luis Alberto Barrera e Industrial Armando Quezada Achar\u00e1n, y el Centro de Capacitaci\u00f3n Laboral Le\u00f3n Humberto Seguel.<\/p>\n\n\n\n<p>El director ejecutivo del Servicio Local de Educaci\u00f3n P\u00fablica Magallanes, Mario Garc\u00eda Mart\u00ednez, explic\u00f3 que los casos declarados desiertos ser\u00e1n parte de nuevos procesos de selecci\u00f3n durante el 2025.<\/p>\n\n\n\n<p>La profesora Ivonne Hermosilla indic\u00f3 que recibe la direcci\u00f3n \u201ccon toda la energ\u00eda, con toda la confianza, con todo el agradecimiento por esta designaci\u00f3n. Soy una persona que lleva muchos a\u00f1os en educaci\u00f3n y espero poder entregar lo mejor de m\u00ed para toda la comunidad educativa del INSUCO\u201d.<\/p>\n\n\n\n<p>En tanto, el profesor Manuel M\u00e9ndez dijo que \u201cse asume como un gran desaf\u00edo para este liceo que atiende a un importante sector de la poblaci\u00f3n y que responde tambi\u00e9n a un desaf\u00edo educacional relacionado con el \u00e1rea t\u00e9cnico-profesional. Lo ideal es contribuir, sumar los esfuerzos de toda la comunidad para que se vean reflejados en los resultados educativos y que la comunidad tambi\u00e9n prospere en una sana convivencia escolar\u201d.<\/p>\n\n\n\n<p>Los nuevos directores asumir\u00e1n sus cargos en calidad de titulares a contar del 1 de marzo de este a\u00f1o.<\/p>\n\n\n\n<p>Manuel Augusto M\u00e9ndez Staub<\/p>\n\n\n\n<p>Es Profesor de Estado de ense\u00f1anza media en la especialidad de Historia, Geograf\u00eda y Educaci\u00f3n C\u00edvica, egresado de la Universidad de la Frontera en 1992. Con amplia trayectoria en el sector educativo, se desempe\u00f1\u00f3 como docente de Educaci\u00f3n C\u00edvica e Historia en los Liceos Luis Alberto Barrera y Sara Braun hasta el a\u00f1o 1993, incorpor\u00e1ndose en 1994 al Liceo San Jos\u00e9 de Punta Arenas.<\/p>\n\n\n\n<p>En 1998 asumi\u00f3 como inspector del segundo ciclo de Educaci\u00f3n B\u00e1sica y en el a\u00f1o 2000 como jefe de UTP de Educaci\u00f3n Media del mismo establecimiento. En el a\u00f1o 2017 y hasta el 2020 inclusive, fue asignado como coordinador pedag\u00f3gico del Liceo San Jos\u00e9.<\/p>\n\n\n\n<p>Durante el a\u00f1o 2021 se incorpor\u00f3 como docente de apoyo a la Unida T\u00e9cnico Pedag\u00f3gica del Instituto Superior de Comercio de Punta Arenas, asumiendo el a\u00f1o 2023 la suplencia de la jefatura del mismo establecimiento. En el segundo semestre de 2023 asumi\u00f3 la subrogancia de la direcci\u00f3n del Instituto Superior de Comercio y en marzo de 2024, asumi\u00f3 como subdirector de la Escuela Libertador Capit\u00e1n General Bernardo O\u00b4Higgins Riquelme de Punta Arenas hasta el mes de octubre, cuando lleg\u00f3 a la direcci\u00f3n transitoria del INSUCO.<\/p>\n\n\n\n<p><a>Ivonne Marcela Hermosilla Bellenger<\/a><\/p>\n\n\n\n<p>Es profesora de Historia, Geograf\u00eda y Educaci\u00f3n C\u00edvica de la Pontificia Universidad Cat\u00f3lica de Chile y Mag\u00edster en Educaci\u00f3n con menci\u00f3n en Curr\u00edculum. Posee una amplia experiencia en docencia en aula, acreditaci\u00f3n y titulaci\u00f3n en ense\u00f1anza media T\u00e9cnico Profesional y en roles directivos para la implementaci\u00f3n, supervisi\u00f3n, monitoreo y acompa\u00f1amiento de procesos pedag\u00f3gicos<\/p>\n\n\n\n<p>.<\/p>\n\n\n\n<p>Como asesora externa ha participado en el dise\u00f1o curricular de planes y programas de estudio en Ense\u00f1anza Media T\u00e9cnico Profesional para el MINEDUC y liderado equipos para el dise\u00f1o de un plan especial de educaci\u00f3n superior para la formaci\u00f3n de docentes. Como tutora virtual particip\u00f3 en programas del CPEIP, de la Red Futuro T\u00e9cnico de la Macrozona Norte, de la Agencia de Sostenibilidad Energ\u00e9tica y en docencia virtual y presencial en el plan especial de pedagog\u00eda para profesionales de la Universidad de Antofagasta.<\/p>\n","protected":false},"excerpt":{"rendered":"<p>Dos educadores con amplia formaci\u00f3n y trayectoria fueron seleccionados por medio del sistema de Alta Direcci\u00f3n P\u00fablica para encabezar los pr\u00f3ximos cinco a\u00f1os la gesti\u00f3n educativa en sendos recintos de&#8230; <a class=\"read-more\" href=\"https:\/\/www.radiopresidenteibanez.cl\/web\/slep-magallanes-presento-a-nuevos-directores-de-liceos-tecnico-profesionales\/\">Leer m\u00e1s<\/a><\/p>\n","protected":false},"author":2,"featured_media":53400,"comment_status":"closed","ping_status":"closed","sticky":false,"template":"","format":"standard","meta":{"footnotes":""},"categories":[1],"tags":[],"class_list":["post-53399","post","type-post","status-publish","format-standard","has-post-thumbnail","hentry","category-cronica"],"_links":{"self":[{"href":"https:\/\/www.radiopresidenteibanez.cl\/web\/wp-json\/wp\/v2\/posts\/53399","targetHints":{"allow":["GET"]}}],"collection":[{"href":"https:\/\/www.radiopresidenteibanez.cl\/web\/wp-json\/wp\/v2\/posts"}],"about":[{"href":"https:\/\/www.radiopresidenteibanez.cl\/web\/wp-json\/wp\/v2\/types\/post"}],"author":[{"embeddable":true,"href":"https:\/\/www.radiopresidenteibanez.cl\/web\/wp-json\/wp\/v2\/users\/2"}],"replies":[{"embeddable":true,"href":"https:\/\/www.radiopresidenteibanez.cl\/web\/wp-json\/wp\/v2\/comments?post=53399"}],"version-history":[{"count":0,"href":"https:\/\/www.radiopresidenteibanez.cl\/web\/wp-json\/wp\/v2\/posts\/53399\/revisions"}],"wp:featuredmedia":[{"embeddable":true,"href":"https:\/\/www.radiopresidenteibanez.cl\/web\/wp-json\/wp\/v2\/media\/53400"}],"wp:attachment":[{"href":"https:\/\/www.radiopresidenteibanez.cl\/web\/wp-json\/wp\/v2\/media?parent=53399"}],"wp:term":[{"taxonomy":"category","embeddable":true,"href":"https:\/\/www.radiopresidenteibanez.cl\/web\/wp-json\/wp\/v2\/categories?post=53399"},{"taxonomy":"post_tag","embeddable":true,"href":"https:\/\/www.radiopresidenteibanez.cl\/web\/wp-json\/wp\/v2\/tags?post=53399"}],"curies":[{"name":"wp","href":"https:\/\/api.w.org\/{rel}","templated":true}]}}