{"id":53396,"date":"2025-01-02T11:39:00","date_gmt":"2025-01-02T14:39:00","guid":{"rendered":"https:\/\/www.radiopresidenteibanez.cl\/web\/?p=53396"},"modified":"2025-01-02T11:10:10","modified_gmt":"2025-01-02T14:10:10","slug":"magallanes-avanza-a-paso-firme-en-el-monitoreo-agroclimatico-de-la-region-con-el-establecimiento-de-15-estaciones-meteorologicas","status":"publish","type":"post","link":"https:\/\/www.radiopresidenteibanez.cl\/web\/magallanes-avanza-a-paso-firme-en-el-monitoreo-agroclimatico-de-la-region-con-el-establecimiento-de-15-estaciones-meteorologicas\/","title":{"rendered":"Magallanes avanza a paso firme en el monitoreo agroclim\u00e1tico de la regi\u00f3n con el establecimiento de 15 estaciones meteorol\u00f3gicas."},"content":{"rendered":"\n<p>Durante el a\u00f1o 2024, la Seremi de Agricultura de la regi\u00f3n de Magallanes llev\u00f3 a cabo una significativa iniciativa destinada a fortalecer el monitoreo clim\u00e1tico y apoyar al sector agropecuario<br>regional. Con el financiamiento del Gobierno Regional de Magallanes, se licit\u00f3 la<br>adquisici\u00f3n, instalaci\u00f3n, puesta en marcha e integraci\u00f3n a la Red<br>Agrometeorol\u00f3gica del Ministerio de Agricultura de 15 estaciones meteorol\u00f3gicas<br>autom\u00e1ticas.<br>Un hito inicial en Laguna Blanca<br>El proceso comenz\u00f3 con la instalaci\u00f3n de cinco estaciones meteorol\u00f3gicas en la<br>primera etapa, distribuidas en las comunas de Laguna Blanca, Torres del Paine,<br>Natales y R\u00edo Verde. Una de estas estaciones fue inaugurada en la estancia<br>Ganadera Pro.Var Ltda., en Laguna Blanca, en un evento que cont\u00f3 con la<br>participaci\u00f3n del gobernador Jorge Flies, la Seremi de Agricultura Irene Ram\u00edrez y<br>el alcalde Fernando Ojeda, adem\u00e1s de los coordinadores de la Fundaci\u00f3n de<br>innovaci\u00f3n Agraria FIA, V\u00edctor Vargas, la Comisi\u00f3n Nacional de Riego, CNR,<br>Antonieta Rodr\u00edguez y el director (S) de INIA Kampenaike, Calos Mella.<br>\u201cEstoy muy contento de poder acompa\u00f1ar esta instalaci\u00f3n, que forma parte de una<br>inversi\u00f3n de m\u00e1s de 300 millones de pesos respaldada por el Gobierno Regional\u201d,<br>expres\u00f3 el gobernador Jorge Flies. \u201cEstas estaciones permitir\u00e1n monitorear en<br>tiempo real 12 par\u00e1metros, como viento, temperatura, humedad, cantidad de agua<br>y nieve, fundamentales para tomar decisiones basadas en conocimiento\u201d.<br>Tecnolog\u00eda al servicio del agro y el medioambiente<br>Estas estaciones meteorol\u00f3gicas autom\u00e1ticas tienen la capacidad de registrar<br>variables como temperatura, precipitaciones, altura de nieve, humedad del suelo,<br>radiaci\u00f3n solar, presi\u00f3n atmosf\u00e9rica, velocidad y direcci\u00f3n del viento. Los datos<br>obtenidos est\u00e1n disponibles tanto en la Red Agrometeorol\u00f3gica de INIA<br>(https:\/\/agrometeorologia.cl) como en la Red Agroclim\u00e1tica Nacional del Ministerio<br>de Agricultura (https:\/\/www.agromet.cl), asegurando as\u00ed el acceso p\u00fablico y<br>transparente a informaci\u00f3n crucial.<\/p>\n\n\n\n<p>Irene Ram\u00edrez, seremi de Agricultura, destac\u00f3: \u201cCon estas estaciones, cubrimos el<br>100% de los distritos vegetacionales de la regi\u00f3n, brindando informaci\u00f3n clim\u00e1tica<br>precisa para la planificaci\u00f3n de sistemas de riego, manejo ganadero y preparaci\u00f3n<br>para las temporadas productivas. Este avance es clave para enfrentar los desaf\u00edos<br>del cambio clim\u00e1tico y permite tanto al productor como a nuestro gobierno tomar<br>decisiones con datos duros del mismo territorio\u201d.<br>Un aporte estrat\u00e9gico para la producci\u00f3n<br>Eddy Vargas Mac\u00edas, productor local, subray\u00f3 la importancia de estas estaciones<br>para el manejo productivo: \u201cSabemos que la laguna se est\u00e1 secando, y contar con<br>tecnolog\u00eda que nos permita gestionar la materia seca de las siembras, los<br>animales y hasta futuros proyectos de hidrogeno verde que se quiere desarrollar<br>ac\u00e1 es fundamental\u201d.<br>Por su parte, Pablo Rodr\u00edguez, administrador en la estancia Ganadera Pro.Var<br>Ltda., afirm\u00f3 que los datos recolectados ser\u00e1n esenciales para sus decisiones<br>productivas: \u201cTener par\u00e1metros de pluviometr\u00eda, viento y temperatura<br>complementa nuestro trabajo y nos permite una mejor planificaci\u00f3n en la cosecha<br>de forraje\u201d.<br>Hacia una red integral<br>La segunda etapa del proyecto contempla la instalaci\u00f3n de estaciones<br>meteorol\u00f3gicas en otras localidades, como Punta Arenas y Porvenir, alcanzando<br>un total de 23 estaciones en la regi\u00f3n, sum\u00e1ndose a las 10 estaciones de la<br>Direcci\u00f3n Meteorol\u00f3gica de Chile de uso aeron\u00e1utico que tambi\u00e9n benefician al<br>sector agropecuario. Adem\u00e1s, se destaca la futura instalaci\u00f3n de una estaci\u00f3n en<br>la comuna de Cabo de Hornos, complementando as\u00ed el monitoreo en la provincia<br>Ant\u00e1rtica.<br>\u00c1ngel Su\u00e1rez, encargado regional de la Red Meteorol\u00f3gica del instituto de<br>investigaciones agropecuarias, INIA Kampenaike, explic\u00f3: \u201cEste proyecto es un<br>anhelo que nos permite cubrir mejor la regi\u00f3n, aportando datos ambientales<br>esenciales para enfrentar el cambio clim\u00e1tico\u201d.<br>Con una inversi\u00f3n total de 317 millones de pesos, esta red de estaciones<br>meteorol\u00f3gicas representa un paso significativo hacia un desarrollo agropecuario<br>m\u00e1s sostenible y preparado frente a los desaf\u00edos clim\u00e1ticos, consolidando a la<br>regi\u00f3n de Magallanes como un referente en tecnolog\u00eda y adaptaci\u00f3n clim\u00e1tica.<\/p>\n","protected":false},"excerpt":{"rendered":"<p>Durante el a\u00f1o 2024, la Seremi de Agricultura de la regi\u00f3n de Magallanes llev\u00f3 a cabo una significativa iniciativa destinada a fortalecer el monitoreo clim\u00e1tico y apoyar al sector agropecuarioregional&#8230;. <a class=\"read-more\" href=\"https:\/\/www.radiopresidenteibanez.cl\/web\/magallanes-avanza-a-paso-firme-en-el-monitoreo-agroclimatico-de-la-region-con-el-establecimiento-de-15-estaciones-meteorologicas\/\">Leer m\u00e1s<\/a><\/p>\n","protected":false},"author":2,"featured_media":53397,"comment_status":"closed","ping_status":"closed","sticky":false,"template":"","format":"standard","meta":{"footnotes":""},"categories":[1],"tags":[],"class_list":["post-53396","post","type-post","status-publish","format-standard","has-post-thumbnail","hentry","category-cronica"],"_links":{"self":[{"href":"https:\/\/www.radiopresidenteibanez.cl\/web\/wp-json\/wp\/v2\/posts\/53396","targetHints":{"allow":["GET"]}}],"collection":[{"href":"https:\/\/www.radiopresidenteibanez.cl\/web\/wp-json\/wp\/v2\/posts"}],"about":[{"href":"https:\/\/www.radiopresidenteibanez.cl\/web\/wp-json\/wp\/v2\/types\/post"}],"author":[{"embeddable":true,"href":"https:\/\/www.radiopresidenteibanez.cl\/web\/wp-json\/wp\/v2\/users\/2"}],"replies":[{"embeddable":true,"href":"https:\/\/www.radiopresidenteibanez.cl\/web\/wp-json\/wp\/v2\/comments?post=53396"}],"version-history":[{"count":0,"href":"https:\/\/www.radiopresidenteibanez.cl\/web\/wp-json\/wp\/v2\/posts\/53396\/revisions"}],"wp:featuredmedia":[{"embeddable":true,"href":"https:\/\/www.radiopresidenteibanez.cl\/web\/wp-json\/wp\/v2\/media\/53397"}],"wp:attachment":[{"href":"https:\/\/www.radiopresidenteibanez.cl\/web\/wp-json\/wp\/v2\/media?parent=53396"}],"wp:term":[{"taxonomy":"category","embeddable":true,"href":"https:\/\/www.radiopresidenteibanez.cl\/web\/wp-json\/wp\/v2\/categories?post=53396"},{"taxonomy":"post_tag","embeddable":true,"href":"https:\/\/www.radiopresidenteibanez.cl\/web\/wp-json\/wp\/v2\/tags?post=53396"}],"curies":[{"name":"wp","href":"https:\/\/api.w.org\/{rel}","templated":true}]}}