{"id":5339,"date":"2019-06-27T14:26:54","date_gmt":"2019-06-27T14:26:54","guid":{"rendered":"http:\/\/www.radiopresidenteibanez.cl\/web\/?p=5339"},"modified":"2019-06-27T14:27:22","modified_gmt":"2019-06-27T14:27:22","slug":"colegio-de-periodistas-de-magallanes-invita-a-conversatorio-sobre-caso-harex-con-autor-de-rebano","status":"publish","type":"post","link":"https:\/\/www.radiopresidenteibanez.cl\/web\/colegio-de-periodistas-de-magallanes-invita-a-conversatorio-sobre-caso-harex-con-autor-de-rebano\/","title":{"rendered":"COLEGIO DE PERIODISTAS DE MAGALLANES INVITA A CONVERSATORIO SOBRE CASO HAREX CON AUTOR DE \u201cREBA\u00d1O\u201d"},"content":{"rendered":"\n<p>El Consejo Regional de Magallanes invita a toda la comunidad a un conversatorio con el periodista \u00d3scar Contardo, autor del libro \u201cReba\u00f1o\u201d, investigaci\u00f3n que trata de los abusos sexuales por parte de miembros de la Iglesia Cat\u00f3lica y del caso del joven Ricardo H\u00e1rex, desaparecido el 19 de octubre del a\u00f1o 2001.&nbsp;<\/p>\n\n\n\n<p>La actividad programada para el d\u00eda 4 de julio, a las 19 horas, en el auditorio Ernesto Livacic, de la Universidad de Magallanes, busca generar una reflexi\u00f3n respecto al caso H\u00e1rex, y tambi\u00e9n en torno a los derechos humanos de ni\u00f1os y ni\u00f1as, en el marco del rol del periodismo y su relaci\u00f3n con la sociedad contempor\u00e1nea.<\/p>\n\n\n\n<p>Para el Consejo Regional el periodismo debe reflejar los problemas sociales, la corrupci\u00f3n, la situaci\u00f3n de los postergados y los abusos de poder y la obra de \u00d3scar Contardo cumple con el rigor y las expectativas de la ciudadan\u00eda: \u201cEstamos convencidos que el periodismo de calidad nunca ha sido m\u00e1s relevante y necesario.&nbsp; La ciudadan\u00eda lo pide a gritos\u201d, precisa el Colegio.<\/p>\n\n\n\n<p>En tanto, el autor p\u00fablicamente ha afirmado que escribi\u00f3 este libro con&nbsp;\u201cla esperanza de que alg\u00fan grado de justicia se pueda lograr, y que a nadie le vuelva a suceder\u201d.<\/p>\n\n\n\n<p>Misma raz\u00f3n arguye el Consejo Regional del Colegio de Periodistas, al organizar este conversatorio con el colega en Punta Arenas, con el fin de sostener un di\u00e1logo con la comunidad.<\/p>\n\n\n\n<p>\u201cMagallanes es una de las regiones con mayor cantidad de delitos sexuales, y es el lugar de origen y desaparici\u00f3n del estudiante Ricardo H\u00e1rex Gonz\u00e1lez. Aqu\u00ed es donde ejercemos nuestra labor gremial, no s\u00f3lo compartiendo informaci\u00f3n poco difundida y de alta calidad period\u00edstica, sino tambi\u00e9n invitando a la ciudadan\u00eda a reflexionar en torno a la responsabilidad que tiene en la ocurrencia y prevenci\u00f3n de estos hechos\u201d, aseguran los organizadores.<\/p>\n\n\n\n<p><strong>Antecedentes<\/strong><\/p>\n\n\n\n<p>En octubre de 2018, Editorial Planeta public\u00f3 el quinto libro de \u00d3scar Contardo Soto, periodista, escritor y cr\u00edtico chileno que naci\u00f3 en Curic\u00f3 el a\u00f1o 1974; estudi\u00f3 Periodismo en la&nbsp;Universidad de Chile en la d\u00e9cada de los \u201990; fue parte del equipo redactor del suplemento \u201cArtes y Letras\u201d de El Mercurio hasta 2010, y hoy se desempe\u00f1a como columnista tanto en la revista \u201cS\u00e1bado\u201d del mismo diario como en La Tercera. Fue nominado en&nbsp;2012 al Mejor Ensayo Literario en los&nbsp;Premios Altazor&nbsp;por su libro \u201cRaro\u201d, un relato sobre la historia de la&nbsp;homosexualidad en Chile, antecedido por \u201cSi\u00fatico\u201d, donde aborda el fen\u00f3meno del clasismo y del arribismo en nuestro pa\u00eds.<\/p>\n\n\n\n<p>Su \u00faltima publicaci\u00f3n corresponde a una investigaci\u00f3n period\u00edstica sobre los abusos sexuales cometidos en la Iglesia Cat\u00f3lica, con la historia del fallecido sacerdote salesiano Rimsky Rojas Andrade \u2013 cuyo historial de delitos se desarroll\u00f3 entre las ciudades de Valdivia y Punta Arenas \u2013 como hilo conductor. Tras 4 a\u00f1os de trabajo, \u201cReba\u00f1o\u201d lleg\u00f3 aportando informaci\u00f3n a la discusi\u00f3n nacional sobre estos dolorosos ataques a los derechos humanos de hombres y mujeres, en su mayor\u00eda, menores de edad, y subray\u00f3 la relaci\u00f3n intr\u00ednseca que existe entre hechos que, lejos de ser aislados, se suceden gracias a una \u201cprofunda\u00a0asimetr\u00eda de poder en la relaci\u00f3n de los sacerdotes con los feligreses\u201d.<\/p>\n\n\n\n<figure class=\"wp-block-image\"><img loading=\"lazy\" decoding=\"async\" width=\"1024\" height=\"910\" src=\"https:\/\/www.radiopresidenteibanez.cl\/web\/wp-content\/uploads\/2019\/06\/Invitacion-Evento-Contardo-1-1024x910.jpeg\" alt=\"\" class=\"wp-image-5340\" srcset=\"https:\/\/www.radiopresidenteibanez.cl\/web\/wp-content\/uploads\/2019\/06\/Invitacion-Evento-Contardo-1.jpeg 1024w, https:\/\/www.radiopresidenteibanez.cl\/web\/wp-content\/uploads\/2019\/06\/Invitacion-Evento-Contardo-1-300x267.jpeg 300w, https:\/\/www.radiopresidenteibanez.cl\/web\/wp-content\/uploads\/2019\/06\/Invitacion-Evento-Contardo-1-768x683.jpeg 768w\" sizes=\"auto, (max-width: 1024px) 100vw, 1024px\" \/><\/figure>\n","protected":false},"excerpt":{"rendered":"<p>El Consejo Regional de Magallanes invita a toda la comunidad a un conversatorio con el periodista \u00d3scar Contardo, autor del libro \u201cReba\u00f1o\u201d, investigaci\u00f3n que trata de los abusos sexuales por&#8230; <a class=\"read-more\" href=\"https:\/\/www.radiopresidenteibanez.cl\/web\/colegio-de-periodistas-de-magallanes-invita-a-conversatorio-sobre-caso-harex-con-autor-de-rebano\/\">Leer m\u00e1s<\/a><\/p>\n","protected":false},"author":2,"featured_media":5340,"comment_status":"closed","ping_status":"closed","sticky":false,"template":"","format":"standard","meta":{"footnotes":""},"categories":[1],"tags":[],"class_list":["post-5339","post","type-post","status-publish","format-standard","has-post-thumbnail","hentry","category-cronica"],"_links":{"self":[{"href":"https:\/\/www.radiopresidenteibanez.cl\/web\/wp-json\/wp\/v2\/posts\/5339","targetHints":{"allow":["GET"]}}],"collection":[{"href":"https:\/\/www.radiopresidenteibanez.cl\/web\/wp-json\/wp\/v2\/posts"}],"about":[{"href":"https:\/\/www.radiopresidenteibanez.cl\/web\/wp-json\/wp\/v2\/types\/post"}],"author":[{"embeddable":true,"href":"https:\/\/www.radiopresidenteibanez.cl\/web\/wp-json\/wp\/v2\/users\/2"}],"replies":[{"embeddable":true,"href":"https:\/\/www.radiopresidenteibanez.cl\/web\/wp-json\/wp\/v2\/comments?post=5339"}],"version-history":[{"count":0,"href":"https:\/\/www.radiopresidenteibanez.cl\/web\/wp-json\/wp\/v2\/posts\/5339\/revisions"}],"wp:featuredmedia":[{"embeddable":true,"href":"https:\/\/www.radiopresidenteibanez.cl\/web\/wp-json\/wp\/v2\/media\/5340"}],"wp:attachment":[{"href":"https:\/\/www.radiopresidenteibanez.cl\/web\/wp-json\/wp\/v2\/media?parent=5339"}],"wp:term":[{"taxonomy":"category","embeddable":true,"href":"https:\/\/www.radiopresidenteibanez.cl\/web\/wp-json\/wp\/v2\/categories?post=5339"},{"taxonomy":"post_tag","embeddable":true,"href":"https:\/\/www.radiopresidenteibanez.cl\/web\/wp-json\/wp\/v2\/tags?post=5339"}],"curies":[{"name":"wp","href":"https:\/\/api.w.org\/{rel}","templated":true}]}}