{"id":5336,"date":"2019-06-27T14:24:18","date_gmt":"2019-06-27T14:24:18","guid":{"rendered":"http:\/\/www.radiopresidenteibanez.cl\/web\/?p=5336"},"modified":"2019-06-27T14:24:22","modified_gmt":"2019-06-27T14:24:22","slug":"duo-lluvia-acida-presentara-su-taller-para-estudiantes-sonidos-portables","status":"publish","type":"post","link":"https:\/\/www.radiopresidenteibanez.cl\/web\/duo-lluvia-acida-presentara-su-taller-para-estudiantes-sonidos-portables\/","title":{"rendered":"D\u00daO LLUVIA ACIDA PRESENTAR\u00c1 SU TALLER PARA ESTUDIANTES \u00abSONIDOS PORTABLES\u00bb"},"content":{"rendered":"\n<p> Este viernes 28 de Junio a las 19:00 hrs., en el Espacio Comunitario \u00abLA IDEA\u00bb (Mejicana 252), el d\u00fao magall\u00e1nico LLUVIA ACIDA presentar\u00e1 el resultado de su iniciativa m\u00e1s reciente. Se trata de un proyecto financiado por el Consejo de la Cultura y las Artes a trav\u00e9s del Fondart Regional 2018, llamado \u00abSONIDOS PORTABLES\u00bb y que consisti\u00f3 en un taller de artes sonoro en base a dispositivos m\u00f3viles para estudiantes de Ense\u00f1anza Media de Punta Arenas. Para poner en pr\u00e1ctica esta iniciativa, elaborada en conjunto con la antrop\u00f3loga Ixia Mendoza, H\u00e9ctor Aguilar y Rafael Cheuquelaf trabajaron con alumnos de Tercer A\u00f1o Medio del Liceo \u00abLuis Alberto Barrera\u00bb de Punta Arenas, que cursan el Diferenciado de M\u00fasica con el profesor del establecimiento Fernando Alarc\u00f3n. En conjunto con el docente los m\u00fasicos trabajaron con los alumnos durante los meses de Mayo y Junio del presente a\u00f1o, en torno al sonido como fen\u00f3meno f\u00edsico, el uso de micr\u00f3fonos, t\u00e9cnolog\u00edas de grabaci\u00f3n y el uso de aplicaciones para tel\u00e9fonos m\u00f3viles con los cuales pudieran experimentar.<br>Para los integrantes de LLUVIA ACIDA se trat\u00f3 de una experiencia enriquecedora, que les gustar\u00eda repetir en el futuro para estudiantes de otros establecimientos. \u00abPara nosotros siempre ha sido importante compartir lo que hemos aprendido. Lo hemos hecho durante 24 a\u00f1os a trav\u00e9s de discos y documentales, pero ahora quisimos hacer algo diferente: realizar un taller para despertar la curiosidad de una nueva generaci\u00f3n de magall\u00e1nico\/as. En estos d\u00edas en que los celulares son vistos como distractores para la ense\u00f1anza, hemos querido usarlos de una manera creativa, incentivando la b\u00fasqueda de sonidos para ir m\u00e1s all\u00e1 de los instrumentos convencionales\u00bb, declar\u00f3 el d\u00fao.<br>La presentaci\u00f3n en p\u00fablico del taller \u00abSONIDOS PORTABLES\u00bb incluir\u00e1 la proyecci\u00f3n de un breve documental que retrata la experiencia y las improvisaciones con tel\u00e9fonos m\u00f3viles que har\u00e1n los estudiantes en vivo. El evento, que se realizar\u00e1 en la galer\u00eda del Espacio Comunitario \u00abLA IDEA\u00bb, es abierto a toda la comunidad. <\/p>\n\n\n\n<figure class=\"wp-block-image\"><img loading=\"lazy\" decoding=\"async\" width=\"900\" height=\"600\" src=\"https:\/\/www.radiopresidenteibanez.cl\/web\/wp-content\/uploads\/2019\/06\/TallerSonidosPortables.jpg\" alt=\"\" class=\"wp-image-5337\" srcset=\"https:\/\/www.radiopresidenteibanez.cl\/web\/wp-content\/uploads\/2019\/06\/TallerSonidosPortables.jpg 900w, https:\/\/www.radiopresidenteibanez.cl\/web\/wp-content\/uploads\/2019\/06\/TallerSonidosPortables-300x200.jpg 300w, https:\/\/www.radiopresidenteibanez.cl\/web\/wp-content\/uploads\/2019\/06\/TallerSonidosPortables-768x512.jpg 768w\" sizes=\"auto, (max-width: 900px) 100vw, 900px\" \/><\/figure>\n","protected":false},"excerpt":{"rendered":"<p>Este viernes 28 de Junio a las 19:00 hrs., en el Espacio Comunitario \u00abLA IDEA\u00bb (Mejicana 252), el d\u00fao magall\u00e1nico LLUVIA ACIDA presentar\u00e1 el resultado de su iniciativa m\u00e1s reciente&#8230;. <a class=\"read-more\" href=\"https:\/\/www.radiopresidenteibanez.cl\/web\/duo-lluvia-acida-presentara-su-taller-para-estudiantes-sonidos-portables\/\">Leer m\u00e1s<\/a><\/p>\n","protected":false},"author":2,"featured_media":5337,"comment_status":"closed","ping_status":"closed","sticky":false,"template":"","format":"standard","meta":{"footnotes":""},"categories":[1],"tags":[],"class_list":["post-5336","post","type-post","status-publish","format-standard","has-post-thumbnail","hentry","category-cronica"],"_links":{"self":[{"href":"https:\/\/www.radiopresidenteibanez.cl\/web\/wp-json\/wp\/v2\/posts\/5336","targetHints":{"allow":["GET"]}}],"collection":[{"href":"https:\/\/www.radiopresidenteibanez.cl\/web\/wp-json\/wp\/v2\/posts"}],"about":[{"href":"https:\/\/www.radiopresidenteibanez.cl\/web\/wp-json\/wp\/v2\/types\/post"}],"author":[{"embeddable":true,"href":"https:\/\/www.radiopresidenteibanez.cl\/web\/wp-json\/wp\/v2\/users\/2"}],"replies":[{"embeddable":true,"href":"https:\/\/www.radiopresidenteibanez.cl\/web\/wp-json\/wp\/v2\/comments?post=5336"}],"version-history":[{"count":0,"href":"https:\/\/www.radiopresidenteibanez.cl\/web\/wp-json\/wp\/v2\/posts\/5336\/revisions"}],"wp:featuredmedia":[{"embeddable":true,"href":"https:\/\/www.radiopresidenteibanez.cl\/web\/wp-json\/wp\/v2\/media\/5337"}],"wp:attachment":[{"href":"https:\/\/www.radiopresidenteibanez.cl\/web\/wp-json\/wp\/v2\/media?parent=5336"}],"wp:term":[{"taxonomy":"category","embeddable":true,"href":"https:\/\/www.radiopresidenteibanez.cl\/web\/wp-json\/wp\/v2\/categories?post=5336"},{"taxonomy":"post_tag","embeddable":true,"href":"https:\/\/www.radiopresidenteibanez.cl\/web\/wp-json\/wp\/v2\/tags?post=5336"}],"curies":[{"name":"wp","href":"https:\/\/api.w.org\/{rel}","templated":true}]}}