{"id":53349,"date":"2024-12-30T14:39:00","date_gmt":"2024-12-30T17:39:00","guid":{"rendered":"https:\/\/www.radiopresidenteibanez.cl\/web\/?p=53349"},"modified":"2024-12-30T10:37:01","modified_gmt":"2024-12-30T13:37:01","slug":"slep-magallanes-ejecuta-casi-300-millones-en-obras-para-dos-escuelas-de-punta-arenas-y-puerto-natales","status":"publish","type":"post","link":"https:\/\/www.radiopresidenteibanez.cl\/web\/slep-magallanes-ejecuta-casi-300-millones-en-obras-para-dos-escuelas-de-punta-arenas-y-puerto-natales\/","title":{"rendered":"Slep Magallanes ejecuta casi $ 300 millones en obras para dos escuelas de Punta Arenas y Puerto Natales"},"content":{"rendered":"\n<p>Apenas comenz\u00f3 el receso de verano para los estudiantes y ya se trabaja con<br>intensidad en las obras comprometidas con dos comunidades escolares de<br>Magallanes.<br>Con una inversi\u00f3n de 197 millones de pesos, el Servicio Local de Educaci\u00f3n<br>P\u00fablica Magallanes est\u00e1 ejecutando una profunda transformaci\u00f3n en la escuela<br>Dellamira Rebeca Aguilar, ubicada en el sector norte de Punta Arenas.<br>La intervenci\u00f3n considera una renovaci\u00f3n de los ba\u00f1os, del cielo raso de la<br>escuela, los pisos y el reemplazo de los antiguos aparatos de calefacci\u00f3n a gas<br>por un moderno sistema de calefacci\u00f3n central.<br>El establecimiento registr\u00f3 este a\u00f1o una matr\u00edcula de 69 estudiantes, distribuidos<br>entre pre k\u00ednder y sexto b\u00e1sico. La comunidad educativa contar\u00e1 desde marzo con<br>una escuela pr\u00e1cticamente nueva.<br>Tambi\u00e9n en Puerto Natales se da respuesta actualmente a una sentida necesidad<br>de la escuela Baudilia Avenda\u00f1o de Youssuf, donde el SLEP Magallanes invierte<br>82 millones 563 mil pesos en una renovaci\u00f3n del sistema el\u00e9ctrico del<br>establecimiento que considera tendido subterr\u00e1neo de cables y nuevas<br>canalizaciones dentro del recinto. Los trabajos dar\u00e1n m\u00e1s seguridad y normalidad<br>en el suministro de energ\u00eda a la escuela, donde este a\u00f1o estudiaron 207 ni\u00f1as y<br>ni\u00f1os.<br>El subdirector (s) de Infraestructura y Mantenimiento del SLEP Magallanes,<br>Benjam\u00edn Agurto, coment\u00f3 sobre estos trabajos que responden a necesidades<br>planteadas por las propias comunidades hace largo tiempo y que \u201cen el mes de<br>marzo nuestros alumnos y nuestros equipos van a poder disfrutar de estas<br>inversiones que muestran la preocupaci\u00f3n del Servicio Local de seguir<br>manteniendo y recuperando para una mejor educaci\u00f3n p\u00fablica\u201d.<br>El SLEP Magallanes ejecuta estas inversiones con recursos propios, tal como hizo<br>a mediados de a\u00f1o en la Escuela Elba Ojeda G\u00f3mez donde dispuso de 125<br>millones de pesos para la completa renovaci\u00f3n del sistema el\u00e9ctrico del<br>establecimiento, trabajos que ya concluyeron.<\/p>\n","protected":false},"excerpt":{"rendered":"<p>Apenas comenz\u00f3 el receso de verano para los estudiantes y ya se trabaja conintensidad en las obras comprometidas con dos comunidades escolares deMagallanes.Con una inversi\u00f3n de 197 millones de pesos,&#8230; <a class=\"read-more\" href=\"https:\/\/www.radiopresidenteibanez.cl\/web\/slep-magallanes-ejecuta-casi-300-millones-en-obras-para-dos-escuelas-de-punta-arenas-y-puerto-natales\/\">Leer m\u00e1s<\/a><\/p>\n","protected":false},"author":2,"featured_media":53350,"comment_status":"closed","ping_status":"closed","sticky":false,"template":"","format":"standard","meta":{"footnotes":""},"categories":[1],"tags":[],"class_list":["post-53349","post","type-post","status-publish","format-standard","has-post-thumbnail","hentry","category-cronica"],"_links":{"self":[{"href":"https:\/\/www.radiopresidenteibanez.cl\/web\/wp-json\/wp\/v2\/posts\/53349","targetHints":{"allow":["GET"]}}],"collection":[{"href":"https:\/\/www.radiopresidenteibanez.cl\/web\/wp-json\/wp\/v2\/posts"}],"about":[{"href":"https:\/\/www.radiopresidenteibanez.cl\/web\/wp-json\/wp\/v2\/types\/post"}],"author":[{"embeddable":true,"href":"https:\/\/www.radiopresidenteibanez.cl\/web\/wp-json\/wp\/v2\/users\/2"}],"replies":[{"embeddable":true,"href":"https:\/\/www.radiopresidenteibanez.cl\/web\/wp-json\/wp\/v2\/comments?post=53349"}],"version-history":[{"count":0,"href":"https:\/\/www.radiopresidenteibanez.cl\/web\/wp-json\/wp\/v2\/posts\/53349\/revisions"}],"wp:featuredmedia":[{"embeddable":true,"href":"https:\/\/www.radiopresidenteibanez.cl\/web\/wp-json\/wp\/v2\/media\/53350"}],"wp:attachment":[{"href":"https:\/\/www.radiopresidenteibanez.cl\/web\/wp-json\/wp\/v2\/media?parent=53349"}],"wp:term":[{"taxonomy":"category","embeddable":true,"href":"https:\/\/www.radiopresidenteibanez.cl\/web\/wp-json\/wp\/v2\/categories?post=53349"},{"taxonomy":"post_tag","embeddable":true,"href":"https:\/\/www.radiopresidenteibanez.cl\/web\/wp-json\/wp\/v2\/tags?post=53349"}],"curies":[{"name":"wp","href":"https:\/\/api.w.org\/{rel}","templated":true}]}}