{"id":5333,"date":"2019-06-27T14:19:51","date_gmt":"2019-06-27T14:19:51","guid":{"rendered":"http:\/\/www.radiopresidenteibanez.cl\/web\/?p=5333"},"modified":"2019-06-27T14:20:04","modified_gmt":"2019-06-27T14:20:04","slug":"hoy-ultima-presentacion-pdi-celebra-aniversario-institucional-con-ciclo-de-cine-policial","status":"publish","type":"post","link":"https:\/\/www.radiopresidenteibanez.cl\/web\/hoy-ultima-presentacion-pdi-celebra-aniversario-institucional-con-ciclo-de-cine-policial\/","title":{"rendered":"HOY \u00daLTIMA PRESENTACI\u00d3N: PDI CELEBRA ANIVERSARIO INSTITUCIONAL CON CICLO DE CINE POLICIAL"},"content":{"rendered":"\n<p>El Laboratorio de Criminal\u00edstica Regional se encuentra realizando el\nSegundo Ciclo de Cine Policial, esta vez centrado en la problem\u00e1tica criminal\nLatinoam\u00e9rica. Para ello escogieron tres pel\u00edculas por medio de las cuales se\nha querido caracterizar tanto al fen\u00f3meno delictivo como al delincuente, asumiendo\nel relato cinematogr\u00e1fico como una suerte de espejo social donde se reflejan\nlos claros y oscuros que estructuran nuestras sociedades contempor\u00e1neas.<\/p>\n\n\n\n<p>Este martes 25 de junio fue inaugurado el ciclo con la presencia de\nautoridades regionales, amantes del s\u00e9ptimo arte, detectives y el c\u00f3nsul de\nArgentina Jorge Insausti, quien hizo una introducci\u00f3n antes de que sea exhibida\nla cinta trasandina \u201cNueve Reinas\u201d. Este mi\u00e9rcoles a las 19 horas se exhibir\u00e1\nla pel\u00edcula \u201cTinta Roja\u201d y el jueves 27 \u201cMatar a un Hombre\u201d.<\/p>\n\n\n\n<p>El subcomisario Rodrigo Morales, jefe del Laboratorio de Criminal\u00edstica\nRegional, invit\u00f3 a la comunidad a participar gratis del segundo ciclo de cine\npolicial, actividad enmarcada en el 86 aniversario de la Polic\u00eda de\nInvestigaciones de Chile.<\/p>\n\n\n\n<p>Al finalizar la exhibici\u00f3n de las cintas, est\u00e1 programado un breve\nconversatorio a cargo del periodista y presidente de CineClub Patagonia,\nGuillermo Mu\u00f1oz, quien destac\u00f3 la realizaci\u00f3n de esta iniciativa y la\nexhibici\u00f3n de pel\u00edculas que abarcan el tema policial, de la ley, el orden, el\nbien y el mal.<\/p>\n\n\n\n<p>Mayores de 18 a\u00f1os podr\u00e1n asistir este mi\u00e9rcoles y jueves a partir de las 19:00 horas, en dependencias del Aula Comunitaria, ubicada al interior del Complejo Policial ubicado en calle Err\u00e1zuriz # 977.<\/p>\n\n\n\n<figure class=\"wp-block-image\"><img loading=\"lazy\" decoding=\"async\" width=\"1024\" height=\"622\" src=\"https:\/\/www.radiopresidenteibanez.cl\/web\/wp-content\/uploads\/2019\/06\/WhatsApp-Image-2019-06-26-at-17.26.06-1024x622.jpeg\" alt=\"\" class=\"wp-image-5334\" srcset=\"https:\/\/www.radiopresidenteibanez.cl\/web\/wp-content\/uploads\/2019\/06\/WhatsApp-Image-2019-06-26-at-17.26.06-1024x622.jpeg 1024w, https:\/\/www.radiopresidenteibanez.cl\/web\/wp-content\/uploads\/2019\/06\/WhatsApp-Image-2019-06-26-at-17.26.06-300x182.jpeg 300w, https:\/\/www.radiopresidenteibanez.cl\/web\/wp-content\/uploads\/2019\/06\/WhatsApp-Image-2019-06-26-at-17.26.06-768x467.jpeg 768w, https:\/\/www.radiopresidenteibanez.cl\/web\/wp-content\/uploads\/2019\/06\/WhatsApp-Image-2019-06-26-at-17.26.06.jpeg 1280w\" sizes=\"auto, (max-width: 1024px) 100vw, 1024px\" \/><\/figure>\n","protected":false},"excerpt":{"rendered":"<p>El Laboratorio de Criminal\u00edstica Regional se encuentra realizando el Segundo Ciclo de Cine Policial, esta vez centrado en la problem\u00e1tica criminal Latinoam\u00e9rica. Para ello escogieron tres pel\u00edculas por medio de&#8230; <a class=\"read-more\" href=\"https:\/\/www.radiopresidenteibanez.cl\/web\/hoy-ultima-presentacion-pdi-celebra-aniversario-institucional-con-ciclo-de-cine-policial\/\">Leer m\u00e1s<\/a><\/p>\n","protected":false},"author":2,"featured_media":5334,"comment_status":"closed","ping_status":"closed","sticky":false,"template":"","format":"standard","meta":{"footnotes":""},"categories":[1],"tags":[],"class_list":["post-5333","post","type-post","status-publish","format-standard","has-post-thumbnail","hentry","category-cronica"],"_links":{"self":[{"href":"https:\/\/www.radiopresidenteibanez.cl\/web\/wp-json\/wp\/v2\/posts\/5333","targetHints":{"allow":["GET"]}}],"collection":[{"href":"https:\/\/www.radiopresidenteibanez.cl\/web\/wp-json\/wp\/v2\/posts"}],"about":[{"href":"https:\/\/www.radiopresidenteibanez.cl\/web\/wp-json\/wp\/v2\/types\/post"}],"author":[{"embeddable":true,"href":"https:\/\/www.radiopresidenteibanez.cl\/web\/wp-json\/wp\/v2\/users\/2"}],"replies":[{"embeddable":true,"href":"https:\/\/www.radiopresidenteibanez.cl\/web\/wp-json\/wp\/v2\/comments?post=5333"}],"version-history":[{"count":0,"href":"https:\/\/www.radiopresidenteibanez.cl\/web\/wp-json\/wp\/v2\/posts\/5333\/revisions"}],"wp:featuredmedia":[{"embeddable":true,"href":"https:\/\/www.radiopresidenteibanez.cl\/web\/wp-json\/wp\/v2\/media\/5334"}],"wp:attachment":[{"href":"https:\/\/www.radiopresidenteibanez.cl\/web\/wp-json\/wp\/v2\/media?parent=5333"}],"wp:term":[{"taxonomy":"category","embeddable":true,"href":"https:\/\/www.radiopresidenteibanez.cl\/web\/wp-json\/wp\/v2\/categories?post=5333"},{"taxonomy":"post_tag","embeddable":true,"href":"https:\/\/www.radiopresidenteibanez.cl\/web\/wp-json\/wp\/v2\/tags?post=5333"}],"curies":[{"name":"wp","href":"https:\/\/api.w.org\/{rel}","templated":true}]}}