{"id":53320,"date":"2024-12-28T15:19:00","date_gmt":"2024-12-28T18:19:00","guid":{"rendered":"https:\/\/www.radiopresidenteibanez.cl\/web\/?p=53320"},"modified":"2024-12-28T11:22:11","modified_gmt":"2024-12-28T14:22:11","slug":"ministerio-de-las-culturas-anuncia-premios-presidente-de-larepublica-2024-a-la-musica-nacional-y-a-las-artes-escenicas","status":"publish","type":"post","link":"https:\/\/www.radiopresidenteibanez.cl\/web\/ministerio-de-las-culturas-anuncia-premios-presidente-de-larepublica-2024-a-la-musica-nacional-y-a-las-artes-escenicas\/","title":{"rendered":"Ministerio de las Culturas anuncia Premios Presidente de laRep\u00fablica 2024 a la M\u00fasica Nacional y a las Artes Esc\u00e9nicas"},"content":{"rendered":"\n<p>El Ministerio de las Culturas, las Artes y el Patrimonio anunci\u00f3 hoy a las y los ganadores de los<br>Premios Presidente de la Rep\u00fablica 2024 correspondientes a Artes Esc\u00e9nicas Nacionales y<br>M\u00fasica Nacional. Se trata del m\u00e1ximo reconocimiento otorgado por el Estado de Chile a<br>quienes hayan destacado en sus respectivas disciplinas.<br>\u201cEs un honor anunciar este reconocimiento a ocho importantes figuras de las artes esc\u00e9nicas<br>chilenas y otros cinco exponentes destacados de la m\u00fasica nacional. A trav\u00e9s de este premio<br>queremos reafirmar nuestro profundo respeto y admiraci\u00f3n por su trabajo, su trayectoria, su<br>permanente compromiso y la contribuci\u00f3n que hacen al desarrollo cultural y art\u00edstico de nuestro<br>pa\u00eds\u201d, dijo la ministra de las Culturas, Carolina Arredondo Marz\u00e1n.<br>En Artes Esc\u00e9nicas Nacionales fueron premiados Nelson Brodt Ch\u00e1vez (teatro), Ximena Pino<br>Burgos (danza), Rodrigo Navarrete Araya (\u00f3pera), Joaqu\u00edn Maluenda Quezada (circo), Ernesto<br>Ruminot G\u00e1ndara (t\u00edteres), Alejandro Moreno Jashes (autores), Montserrat Catal\u00e1 Ramos<br>(dise\u00f1o esc\u00e9nico) y la agrupaci\u00f3n L\u00edrica Disidente (artista emergente).<br>En M\u00fasica Nacional los premios son para Mazap\u00e1n (m\u00fasica popular), Clarita Parra (m\u00fasica de<br>ra\u00edz folkl\u00f3rica), Pablo Aranda (m\u00fasica docta), FC Ediciones (edici\u00f3n musical) y Cosas Buenas<br>Producciones (producci\u00f3n fonogr\u00e1fica).<\/p>\n","protected":false},"excerpt":{"rendered":"<p>El Ministerio de las Culturas, las Artes y el Patrimonio anunci\u00f3 hoy a las y los ganadores de losPremios Presidente de la Rep\u00fablica 2024 correspondientes a Artes Esc\u00e9nicas Nacionales yM\u00fasica&#8230; <a class=\"read-more\" href=\"https:\/\/www.radiopresidenteibanez.cl\/web\/ministerio-de-las-culturas-anuncia-premios-presidente-de-larepublica-2024-a-la-musica-nacional-y-a-las-artes-escenicas\/\">Leer m\u00e1s<\/a><\/p>\n","protected":false},"author":2,"featured_media":53321,"comment_status":"closed","ping_status":"closed","sticky":false,"template":"","format":"standard","meta":{"footnotes":""},"categories":[1],"tags":[],"class_list":["post-53320","post","type-post","status-publish","format-standard","has-post-thumbnail","hentry","category-cronica"],"_links":{"self":[{"href":"https:\/\/www.radiopresidenteibanez.cl\/web\/wp-json\/wp\/v2\/posts\/53320","targetHints":{"allow":["GET"]}}],"collection":[{"href":"https:\/\/www.radiopresidenteibanez.cl\/web\/wp-json\/wp\/v2\/posts"}],"about":[{"href":"https:\/\/www.radiopresidenteibanez.cl\/web\/wp-json\/wp\/v2\/types\/post"}],"author":[{"embeddable":true,"href":"https:\/\/www.radiopresidenteibanez.cl\/web\/wp-json\/wp\/v2\/users\/2"}],"replies":[{"embeddable":true,"href":"https:\/\/www.radiopresidenteibanez.cl\/web\/wp-json\/wp\/v2\/comments?post=53320"}],"version-history":[{"count":0,"href":"https:\/\/www.radiopresidenteibanez.cl\/web\/wp-json\/wp\/v2\/posts\/53320\/revisions"}],"wp:featuredmedia":[{"embeddable":true,"href":"https:\/\/www.radiopresidenteibanez.cl\/web\/wp-json\/wp\/v2\/media\/53321"}],"wp:attachment":[{"href":"https:\/\/www.radiopresidenteibanez.cl\/web\/wp-json\/wp\/v2\/media?parent=53320"}],"wp:term":[{"taxonomy":"category","embeddable":true,"href":"https:\/\/www.radiopresidenteibanez.cl\/web\/wp-json\/wp\/v2\/categories?post=53320"},{"taxonomy":"post_tag","embeddable":true,"href":"https:\/\/www.radiopresidenteibanez.cl\/web\/wp-json\/wp\/v2\/tags?post=53320"}],"curies":[{"name":"wp","href":"https:\/\/api.w.org\/{rel}","templated":true}]}}