{"id":53308,"date":"2024-12-27T11:02:08","date_gmt":"2024-12-27T14:02:08","guid":{"rendered":"https:\/\/www.radiopresidenteibanez.cl\/web\/?p=53308"},"modified":"2024-12-27T11:02:14","modified_gmt":"2024-12-27T14:02:14","slug":"servinaut-informa-pronostico-regional-maritimo-area-oceanica-y-canales-interiores","status":"publish","type":"post","link":"https:\/\/www.radiopresidenteibanez.cl\/web\/servinaut-informa-pronostico-regional-maritimo-area-oceanica-y-canales-interiores\/","title":{"rendered":"SERVINAUT INFORMA                   PRON\u00d3STICO REGIONAL MAR\u00cdTIMO \u00c1REA OCE\u00c1NICA Y CANALES INTERIORES"},"content":{"rendered":"\n<p>ZONA SIETE (FARO SAN PEDRO A FARO EVANGELISTAS):<br>SITUACI\u00d3N SIN\u00d3PTICA:<br>ANTICICL\u00d3NICO.<br>PRON\u00d3STICO:<br>NUBLADO A CUBIERTO, VIS 10 KM, VTO NORWESTE 20\/25 NDS RACHAS 35 NDS<br>DISMINUYENDO 15\/20 NDS, MAR MAREJADA A GRUESA (2.0\/3.0 MT) AUMENTANDO AL<br>SUR LAT 50oS GRUESA (3.0\/4.0 MT) COMO MAR DE FONDO DEL WESTE.<br>APRECIACI\u00d3N V\u00c1LIDA DESDE 280800 HASTA 290800 HORA LOCAL.<br>ANTICICL\u00d3NICO A PREFRONTAL, VTO NW\/N 15\/25 NDS RACHAS 35 NDS.<br>ZONA OCHO (F.EVANGELISTAS A LAT. 60 GDS SUR):<br>SITUACI\u00d3N SIN\u00d3PTICA:<br>FRONTAL A INESTABILIDAD POSTFRONTAL.<br>PRON\u00d3STICO:<br>(F.EVANGELISTAS A LAT. 56 GDS SUR):<br>CUBIERTO, VIS 4\/10 KM LLUVIA\/CHUBASCOS, VTO NORWESTE 30\/35 NDS RACHAS 45<br>NDS DISMINUYENDO 20\/25 NDS RACHAS 35 NDS, MAR MUY GRUESA (4.0\/6.0 MT)<br>DISMINUYENDO FIN PERIODO GRUESA (3.0\/4.0 MT) COMO MAR DE FONDO DEL<br>NORWESTE.<br>(LAT. 56 GDS SUR A LAT. 60 GDS SUR):<br>CUBIERTO VIS 4\/8 KM LLUVIA, VTO NORWESTE 25\/30 NDS RACHAS 45 NDS, MAR MUY<br>GRUESA (4.0\/6.0 MT) COMO MAR DE FONDO DEL NORWESTE.<br>APRECIACI\u00d3N V\u00c1LIDA DESDE 280800 HASTA 290800 HORA LOCAL.<br>MARGEN ANTICICL\u00d3NICO A FRONTAL, VTO NORWESTE 20\/25 NDS RACHAS 35 NDS<br>AUMENTANDO 25\/30 NDS RACHAS 45 NDS.<br>PRON\u00d3STICO V\u00c1LIDO DESDE 272000 HASTA 280800 HORA LOCAL.<br>ESTRECHO NELSON: NUBLADO, VIS 10 KM, VTO NW\/N 15\/20 NDS DISMINUYENDO 10\/15<br>NDS, MAR GRUESA (2.5\/3.0 MT) COMO MAR DE FONDO DEL WESTE.<br>PUERTO NATALES: NUBLADO A PARCIAL, VIS 10 KM, VTO NW\/W 10\/15 NDS<br>DISMINUYENDO 5\/10 NDS, MAR RIZADA A LLANA EN BAH\u00cdA.<br>TEMPERATURA M\u00cdNIMA PROBABLE : 10.0 \u00b0C.<br>PASO TAMAR: NUBLADO A CUBIERTO, VIS 10 KM, VTO NORWESTE 20\/25 NDS RACHAS<br>35 NDS DISMINUYENDO 10\/15 NDS, MAR MAREJADA (2.0\/2.5 MT).<\/p>\n\n\n\n<p>Av. Bernardo O \u0301Higgins 1169, Punta Arenas. Fono: 061-2201148<br>Twitter:@MetArmada_Mag &#8211; E-mail: meteomag@directemar.cl<\/p>\n\n\n\n<p>F\u00c9LIX\/FROWARD: NUBLADO A PARCIAL, VIS 10 KM, VTO NORWESTE 20\/25 NDS RACHAS<br>35 NDS DISMINUYENDO 5\/10 NDS, MAR MAREJADILLA A MAREJADA (0.5\/1.5 MT).<br>FROWARD\/PTA. DELGADA: NUBLADO A PARCIAL, VIS 10 KM, VTO W\/NW 20\/25 NDS<br>RACHAS 35 NDS DISMINUYENDO 10\/15 NDS, MAR MAREJADILLA A MAREJADA (0.5\/1.5<br>MT).<br>PUNTA ARENAS: DESPEJADO, VIS 10 KM, VTO SURWESTE OCASIONAL NORWESTE 5\/10<br>NDS, MAR RIZADA A LLANA EN BAH\u00cdA.<br>TEMPERATURA M\u00cdNIMA PROBABLE : 10.0 \u00b0C.<br>PTA.DELGADA\/DUNGENESS: PARCIAL OCASIONAL NUBLADO, VIS 10 KM, VTO N\/NE<br>ROLANDO FIN PERIODO SURWESTE 10\/15 NDS, MAR MAREJADILLA (0.5\/1.0 MT).<br>CANAL BRECKNOCK: CUBIERTO A NUBLADO, VIS 8\/10 KM LLUVIA, VTO NORWESTE<br>30\/35 NDS RACHAS 45 NDS DISMINUYENDO 20\/25 NDS RACHAS 35 NDS, MAR GRUESA<br>(3.0\/4.0 MT DISMINUYENDO 2.5\/3.0 MT) COMO MAR DE FONDO DEL NORWESTE.<br>TIMBALES\/PTO. NAVARINO: CUBIERTO A NUBLADO, VIS 8\/10 KM LLUVIA, VTO<br>NORWESTE 10\/15 NDS DISMINUYENDO 5\/10 NDS,<br>MAR RIZADA A LLANA (0.5\/0.1 MT).<br>PTO. NAVARINO\/I.NUEVA: NUBLADO A PARCIAL, VIS 10 KM, VTO NORESTE 5\/10 NDS<br>ROLANDO NORWESTE 10\/15 NDS, MAR RIZADA (0.2\/0.5 MT).<br>PTO. WILLIAMS: CUBIERTO A NUBLADO, VIS 10 KM, VTO NORWESTE 2\/6 NDS, MAR<br>LLANA EN BAH\u00cdA.<br>TEMPERATURA M\u00cdNIMA PROBABLE : 9.0 \u00b0C.<br>B. NASSAU\/C. HORNOS: CUBIERTO A NUBLADO, VIS 8\/10 KM LLUVIA, VTO NW\/W 15\/20<br>NDS RACHAS 30 NDS, MAR MAREJADILLA A MAREJADA (1.0\/2.0 MT).<br>CABO DE HORNOS: CUBIERTO A NUBLADO, VIS 8\/10 KM LLUVIA, VTO NW\/W 30\/35 NDS<br>RACHAS 50 NDS, MAR MAREJADA (2.0\/2.5 MT).<\/p>\n","protected":false},"excerpt":{"rendered":"<p>ZONA SIETE (FARO SAN PEDRO A FARO EVANGELISTAS):SITUACI\u00d3N SIN\u00d3PTICA:ANTICICL\u00d3NICO.PRON\u00d3STICO:NUBLADO A CUBIERTO, VIS 10 KM, VTO NORWESTE 20\/25 NDS RACHAS 35 NDSDISMINUYENDO 15\/20 NDS, MAR MAREJADA A GRUESA (2.0\/3.0 MT) AUMENTANDO&#8230; <a class=\"read-more\" href=\"https:\/\/www.radiopresidenteibanez.cl\/web\/servinaut-informa-pronostico-regional-maritimo-area-oceanica-y-canales-interiores\/\">Leer m\u00e1s<\/a><\/p>\n","protected":false},"author":2,"featured_media":53309,"comment_status":"closed","ping_status":"closed","sticky":false,"template":"","format":"standard","meta":{"footnotes":""},"categories":[1],"tags":[],"class_list":["post-53308","post","type-post","status-publish","format-standard","has-post-thumbnail","hentry","category-cronica"],"_links":{"self":[{"href":"https:\/\/www.radiopresidenteibanez.cl\/web\/wp-json\/wp\/v2\/posts\/53308","targetHints":{"allow":["GET"]}}],"collection":[{"href":"https:\/\/www.radiopresidenteibanez.cl\/web\/wp-json\/wp\/v2\/posts"}],"about":[{"href":"https:\/\/www.radiopresidenteibanez.cl\/web\/wp-json\/wp\/v2\/types\/post"}],"author":[{"embeddable":true,"href":"https:\/\/www.radiopresidenteibanez.cl\/web\/wp-json\/wp\/v2\/users\/2"}],"replies":[{"embeddable":true,"href":"https:\/\/www.radiopresidenteibanez.cl\/web\/wp-json\/wp\/v2\/comments?post=53308"}],"version-history":[{"count":0,"href":"https:\/\/www.radiopresidenteibanez.cl\/web\/wp-json\/wp\/v2\/posts\/53308\/revisions"}],"wp:featuredmedia":[{"embeddable":true,"href":"https:\/\/www.radiopresidenteibanez.cl\/web\/wp-json\/wp\/v2\/media\/53309"}],"wp:attachment":[{"href":"https:\/\/www.radiopresidenteibanez.cl\/web\/wp-json\/wp\/v2\/media?parent=53308"}],"wp:term":[{"taxonomy":"category","embeddable":true,"href":"https:\/\/www.radiopresidenteibanez.cl\/web\/wp-json\/wp\/v2\/categories?post=53308"},{"taxonomy":"post_tag","embeddable":true,"href":"https:\/\/www.radiopresidenteibanez.cl\/web\/wp-json\/wp\/v2\/tags?post=53308"}],"curies":[{"name":"wp","href":"https:\/\/api.w.org\/{rel}","templated":true}]}}