{"id":53305,"date":"2024-12-27T17:17:00","date_gmt":"2024-12-27T20:17:00","guid":{"rendered":"https:\/\/www.radiopresidenteibanez.cl\/web\/?p=53305"},"modified":"2024-12-27T10:37:04","modified_gmt":"2024-12-27T13:37:04","slug":"seremi-cuitino-informa-que-resultados-del-segundo-proceso-de-postulacion-al-subsidio-electrico-se-conoceran-el-jueves-2-de-enero","status":"publish","type":"post","link":"https:\/\/www.radiopresidenteibanez.cl\/web\/seremi-cuitino-informa-que-resultados-del-segundo-proceso-de-postulacion-al-subsidio-electrico-se-conoceran-el-jueves-2-de-enero\/","title":{"rendered":"Seremi Cuiti\u00f1o informa que resultados del segundo proceso de postulaci\u00f3n al subsidio el\u00e9ctrico se conocer\u00e1n el jueves 2 de enero"},"content":{"rendered":"\n<p><strong>El Ministerio de Energ\u00eda inform\u00f3 que el jueves 2 de enero de 2025 se dar\u00e1n a conocer los resultados del segundo proceso de postulaci\u00f3n al subsidio el\u00e9ctrico dirigido a los hogares pertenecientes al 40% m\u00e1s vulnerable del Registro Social de Hogares (RSH) y hogares con personas electrodependientes.<\/strong><\/p>\n\n\n\n<p><strong>La informaci\u00f3n fue corroborada esta tarde por el titular regional de la cartera, Sergio Cuiti\u00f1o, quien detall\u00f3 que a los resultados se podr\u00e1 acceder en la fecha indicada -adem\u00e1s de la p\u00e1gina web&nbsp;<a href=\"http:\/\/www.subsidioelectrico.cl\/\" target=\"_blank\" rel=\"noreferrer noopener\">www.subsidioelectrico.cl<\/a>, a trav\u00e9s de los distintos canales de atenci\u00f3n presencial y telef\u00f3nica de ChileAtiende.<\/strong><\/p>\n\n\n\n<p><strong>\u201cLas personas que participaron en esta convocatoria podr\u00e1n conocer los resultados en el sitio web&nbsp;<a href=\"http:\/\/www.xn--subsidioelctrico-kqb.cl\/\" target=\"_blank\" rel=\"noreferrer noopener\">www.subsidioel\u00e9ctrico.cl<\/a>&nbsp;ingresando con su Clave\u00danica. Asimismo, la informaci\u00f3n estar\u00e1 disponible en los canales de atenci\u00f3n presencial y telef\u00f3nica de ChileAtiende a lo largo del pa\u00eds\u201d, dijo el seremi Cuiti\u00f1o.<\/strong><\/p>\n\n\n\n<p><strong>La autoridad regional de Energ\u00eda, valor\u00f3 la medida impulsada por el Gobierno del Presidente Gabriel Boric, \u201cla que ha contado con un transversal apoyo en el Congreso\u201d, sostuvo.&nbsp; &nbsp;<\/strong><strong>&nbsp;<\/strong><\/p>\n\n\n\n<p><strong>C\u00d3MO SE REFLEJAR\u00c1 EL DESCUENTO<\/strong><\/p>\n\n\n\n<p><strong>Los hogares que sean favorecidos con este subsidio recibir\u00e1n el descuento mensual correspondiente al primer semestre de 2025 en las cuentas de electricidad emitidas entre enero y junio del pr\u00f3ximo a\u00f1o y su monto depender\u00e1 del n\u00famero de integrantes por hogar.<\/strong><\/p>\n\n\n\n<p><strong>Para este segundo llamado, los hogares con 4 o m\u00e1s integrantes recibir\u00e1n un monto semestral en torno a los $70.000, lo que se&nbsp;reflejar\u00e1 en un descuento en las cuentas de la luz de aproximadamente $12 mil mensuales. En el caso de los hogares con 2 o 3 integrantes, el descuento semestral ser\u00e1 de $50.000, es decir, alrededor de $8 mil mensuales. Por \u00faltimo, los hogares con 1 integrante recibir\u00e1n $40.000 semestral, lo que representa un descuento cercano a los $7 mil mensuales.<\/strong><\/p>\n","protected":false},"excerpt":{"rendered":"<p>El Ministerio de Energ\u00eda inform\u00f3 que el jueves 2 de enero de 2025 se dar\u00e1n a conocer los resultados del segundo proceso de postulaci\u00f3n al subsidio el\u00e9ctrico dirigido a los&#8230; <a class=\"read-more\" href=\"https:\/\/www.radiopresidenteibanez.cl\/web\/seremi-cuitino-informa-que-resultados-del-segundo-proceso-de-postulacion-al-subsidio-electrico-se-conoceran-el-jueves-2-de-enero\/\">Leer m\u00e1s<\/a><\/p>\n","protected":false},"author":2,"featured_media":53306,"comment_status":"closed","ping_status":"closed","sticky":false,"template":"","format":"standard","meta":{"footnotes":""},"categories":[1],"tags":[],"class_list":["post-53305","post","type-post","status-publish","format-standard","has-post-thumbnail","hentry","category-cronica"],"_links":{"self":[{"href":"https:\/\/www.radiopresidenteibanez.cl\/web\/wp-json\/wp\/v2\/posts\/53305","targetHints":{"allow":["GET"]}}],"collection":[{"href":"https:\/\/www.radiopresidenteibanez.cl\/web\/wp-json\/wp\/v2\/posts"}],"about":[{"href":"https:\/\/www.radiopresidenteibanez.cl\/web\/wp-json\/wp\/v2\/types\/post"}],"author":[{"embeddable":true,"href":"https:\/\/www.radiopresidenteibanez.cl\/web\/wp-json\/wp\/v2\/users\/2"}],"replies":[{"embeddable":true,"href":"https:\/\/www.radiopresidenteibanez.cl\/web\/wp-json\/wp\/v2\/comments?post=53305"}],"version-history":[{"count":0,"href":"https:\/\/www.radiopresidenteibanez.cl\/web\/wp-json\/wp\/v2\/posts\/53305\/revisions"}],"wp:featuredmedia":[{"embeddable":true,"href":"https:\/\/www.radiopresidenteibanez.cl\/web\/wp-json\/wp\/v2\/media\/53306"}],"wp:attachment":[{"href":"https:\/\/www.radiopresidenteibanez.cl\/web\/wp-json\/wp\/v2\/media?parent=53305"}],"wp:term":[{"taxonomy":"category","embeddable":true,"href":"https:\/\/www.radiopresidenteibanez.cl\/web\/wp-json\/wp\/v2\/categories?post=53305"},{"taxonomy":"post_tag","embeddable":true,"href":"https:\/\/www.radiopresidenteibanez.cl\/web\/wp-json\/wp\/v2\/tags?post=53305"}],"curies":[{"name":"wp","href":"https:\/\/api.w.org\/{rel}","templated":true}]}}