{"id":5330,"date":"2019-06-25T20:34:41","date_gmt":"2019-06-25T20:34:41","guid":{"rendered":"http:\/\/www.radiopresidenteibanez.cl\/web\/?p=5330"},"modified":"2019-06-25T20:35:24","modified_gmt":"2019-06-25T20:35:24","slug":"subtel-oficia-a-companias-por-cortes-producidos-en-los-servicios-de-telecomunicaciones-de-la-region-de-magallanes","status":"publish","type":"post","link":"https:\/\/www.radiopresidenteibanez.cl\/web\/subtel-oficia-a-companias-por-cortes-producidos-en-los-servicios-de-telecomunicaciones-de-la-region-de-magallanes\/","title":{"rendered":"SUBTEL OFICIA A COMPA\u00d1\u00cdAS POR CORTES PRODUCIDOS EN LOS SERVICIOS DE TELECOMUNICACIONES DE LA REGI\u00d3N DE MAGALLANES"},"content":{"rendered":"\n<p>La Subsecretar\u00eda de Telecomunicaciones (SUBTEL) ofici\u00f3 a las compa\u00f1\u00edas Claro, Entel, Movistar y Wom tras los cortes producidos en los servicios&nbsp;de telecomunicaciones de la Regi\u00f3n de Magallanes y de la Ant\u00e1rtica Chilena durante la noche de ayer y la madrugada de hoy. En esta l\u00ednea y pese a que&nbsp;hasta el momento los servicios fueron restablecidos, el regulador solicit\u00f3 a dichas firmas informaci\u00f3n en detalle con respecto de la causa de las interrupciones presentadas en las redes, el n\u00famero real de clientes afectados y las eventuales medidas de mitigaci\u00f3n que llevar\u00e1n a cabo para recompensar a los usuarios.<\/p>\n\n\n\n<p>\u201cEstamos oficiando a las compa\u00f1\u00edas en cuesti\u00f3n para que aclaren lo antes posible las causas de las incidencias producidas por m\u00e1s de 8 horas en los servicios de telecomunicaciones de la Regi\u00f3n&nbsp;de Magallanes y de la Ant\u00e1rtica Chilena. No obstante, de acuerdo con los informes locales entregados se habr\u00eda producido un corte de fibra \u00f3ptica en la localidad de Jaramillo,&nbsp;provincia de Santa Cruz, Argentina&nbsp;producto de actos vand\u00e1licos\u201d, indic\u00f3 la Subsecretaria de Telecomunicaciones, Pamela Gidi.<\/p>\n\n\n\n<p>La autoridad a\u00f1adi\u00f3 que \u201cpor lo anterior, resulta fundamental que las empresas de telecomunicaciones se sumen a la Fibra \u00d3ptica Austral, proyecto al cual se le asign\u00f3 un subsidio de $64 mil millones para el despliegue de tendidos de cable de fibra \u00f3ptica en las regiones de Los Lagos, de Ays\u00e9n y de Magallanes. Esto debido a la resiliencia y redundancia que ofrecer\u00e1 dicha carretera digital, permitiendo que la zona austral tenga un mejor respaldo ante contingencias y\/o cat\u00e1strofes naturales que afecten las redes\u201d.<\/p>\n\n\n\n<figure class=\"wp-block-image\"><img loading=\"lazy\" decoding=\"async\" width=\"1024\" height=\"540\" src=\"http:\/\/www.radiopresidenteibanez.cl\/web\/wp-content\/uploads\/2019\/01\/panoramica-punta-arenas-1024x540.jpg\" alt=\"\" class=\"wp-image-740\" srcset=\"https:\/\/www.radiopresidenteibanez.cl\/web\/wp-content\/uploads\/2019\/01\/panoramica-punta-arenas-1024x540.jpg 1024w, https:\/\/www.radiopresidenteibanez.cl\/web\/wp-content\/uploads\/2019\/01\/panoramica-punta-arenas-300x158.jpg 300w, https:\/\/www.radiopresidenteibanez.cl\/web\/wp-content\/uploads\/2019\/01\/panoramica-punta-arenas-768x405.jpg 768w, https:\/\/www.radiopresidenteibanez.cl\/web\/wp-content\/uploads\/2019\/01\/panoramica-punta-arenas.jpg 1440w\" sizes=\"auto, (max-width: 1024px) 100vw, 1024px\" \/><\/figure>\n","protected":false},"excerpt":{"rendered":"<p>La Subsecretar\u00eda de Telecomunicaciones (SUBTEL) ofici\u00f3 a las compa\u00f1\u00edas Claro, Entel, Movistar y Wom tras los cortes producidos en los servicios&nbsp;de telecomunicaciones de la Regi\u00f3n de Magallanes y de la&#8230; <a class=\"read-more\" href=\"https:\/\/www.radiopresidenteibanez.cl\/web\/subtel-oficia-a-companias-por-cortes-producidos-en-los-servicios-de-telecomunicaciones-de-la-region-de-magallanes\/\">Leer m\u00e1s<\/a><\/p>\n","protected":false},"author":2,"featured_media":740,"comment_status":"closed","ping_status":"closed","sticky":false,"template":"","format":"standard","meta":{"footnotes":""},"categories":[1],"tags":[],"class_list":["post-5330","post","type-post","status-publish","format-standard","has-post-thumbnail","hentry","category-cronica"],"_links":{"self":[{"href":"https:\/\/www.radiopresidenteibanez.cl\/web\/wp-json\/wp\/v2\/posts\/5330","targetHints":{"allow":["GET"]}}],"collection":[{"href":"https:\/\/www.radiopresidenteibanez.cl\/web\/wp-json\/wp\/v2\/posts"}],"about":[{"href":"https:\/\/www.radiopresidenteibanez.cl\/web\/wp-json\/wp\/v2\/types\/post"}],"author":[{"embeddable":true,"href":"https:\/\/www.radiopresidenteibanez.cl\/web\/wp-json\/wp\/v2\/users\/2"}],"replies":[{"embeddable":true,"href":"https:\/\/www.radiopresidenteibanez.cl\/web\/wp-json\/wp\/v2\/comments?post=5330"}],"version-history":[{"count":0,"href":"https:\/\/www.radiopresidenteibanez.cl\/web\/wp-json\/wp\/v2\/posts\/5330\/revisions"}],"wp:featuredmedia":[{"embeddable":true,"href":"https:\/\/www.radiopresidenteibanez.cl\/web\/wp-json\/wp\/v2\/media\/740"}],"wp:attachment":[{"href":"https:\/\/www.radiopresidenteibanez.cl\/web\/wp-json\/wp\/v2\/media?parent=5330"}],"wp:term":[{"taxonomy":"category","embeddable":true,"href":"https:\/\/www.radiopresidenteibanez.cl\/web\/wp-json\/wp\/v2\/categories?post=5330"},{"taxonomy":"post_tag","embeddable":true,"href":"https:\/\/www.radiopresidenteibanez.cl\/web\/wp-json\/wp\/v2\/tags?post=5330"}],"curies":[{"name":"wp","href":"https:\/\/api.w.org\/{rel}","templated":true}]}}