{"id":53296,"date":"2024-12-27T12:48:00","date_gmt":"2024-12-27T15:48:00","guid":{"rendered":"https:\/\/www.radiopresidenteibanez.cl\/web\/?p=53296"},"modified":"2024-12-27T08:49:55","modified_gmt":"2024-12-27T11:49:55","slug":"la-vida-es-bella-ya-veras-como-a-pesar-de-los-pesares-tendras-amigos-tendras-amor-canta-paco-ibanez","status":"publish","type":"post","link":"https:\/\/www.radiopresidenteibanez.cl\/web\/la-vida-es-bella-ya-veras-como-a-pesar-de-los-pesares-tendras-amigos-tendras-amor-canta-paco-ibanez\/","title":{"rendered":"La vida es bella ya ver\u00e1s c\u00f3mo a pesar de los pesares tendr\u00e1s amigos, tendr\u00e1s amor..\u00bb canta Paco Iba\u00f1ez"},"content":{"rendered":"\n<p>Desde hace mucho tiempo, y producto del permanente contacto con trabajadores, me he preguntado, cada vez que los veo cabizbajos y rumiando su rabia \u00bf son libres estos hombres y mujeres que apenas si levantan la vista ? \u00bf disfrutan de libertad quienes han debido regular sus patrones de conducta seg\u00fan lo establecen variados reglamentos internos, reglamentos que son impuestos sin consulta previa ?<br>\u00bfson libres aquellos trabajadores j\u00f3venes y adultos que buscan en el alcohol y la droga un escape para no enfrentarse a los dramas que los rodean ?.<br>Las fichas de las salitreras fueron reemplazadas por las tarjetas de d\u00e9bito. Las compras en la pulper\u00eda o el almac\u00e9n dejaron su lugar a los mall, los hiper. El amo, el abusador hoy recibe el nombre de empresario.<br>Los trabajadores se han rebelado en algunas etapas de la historia pero finalmente les ha vuelto a aplastar la bota.<\/p>\n\n\n\n<p>2.- \u00bf Estaremos condenados a esta forma de esclavitud? \u00bfdeberemos asumir que no es posible la unidad de los desposeidos y que nos gan\u00f3 el sistema ?<br>Claro que no.<br>Hacerlo, significar\u00eda en los hechos reconocer que no tenemos fuerzas y que asumimos como un hecho la esclavitud perpetua.<br>Tenemos que seguir luchando por un mundo en el que no haya explotadores ni explotados, que asegure a todo ser humano la igualdad de oportunidades.<br>Para eso hay que educarse, organizarse y luchar.<\/p>\n","protected":false},"excerpt":{"rendered":"<p>Desde hace mucho tiempo, y producto del permanente contacto con trabajadores, me he preguntado, cada vez que los veo cabizbajos y rumiando su rabia \u00bf son libres estos hombres y&#8230; <a class=\"read-more\" href=\"https:\/\/www.radiopresidenteibanez.cl\/web\/la-vida-es-bella-ya-veras-como-a-pesar-de-los-pesares-tendras-amigos-tendras-amor-canta-paco-ibanez\/\">Leer m\u00e1s<\/a><\/p>\n","protected":false},"author":2,"featured_media":53297,"comment_status":"closed","ping_status":"closed","sticky":false,"template":"","format":"standard","meta":{"footnotes":""},"categories":[1],"tags":[],"class_list":["post-53296","post","type-post","status-publish","format-standard","has-post-thumbnail","hentry","category-cronica"],"_links":{"self":[{"href":"https:\/\/www.radiopresidenteibanez.cl\/web\/wp-json\/wp\/v2\/posts\/53296","targetHints":{"allow":["GET"]}}],"collection":[{"href":"https:\/\/www.radiopresidenteibanez.cl\/web\/wp-json\/wp\/v2\/posts"}],"about":[{"href":"https:\/\/www.radiopresidenteibanez.cl\/web\/wp-json\/wp\/v2\/types\/post"}],"author":[{"embeddable":true,"href":"https:\/\/www.radiopresidenteibanez.cl\/web\/wp-json\/wp\/v2\/users\/2"}],"replies":[{"embeddable":true,"href":"https:\/\/www.radiopresidenteibanez.cl\/web\/wp-json\/wp\/v2\/comments?post=53296"}],"version-history":[{"count":0,"href":"https:\/\/www.radiopresidenteibanez.cl\/web\/wp-json\/wp\/v2\/posts\/53296\/revisions"}],"wp:featuredmedia":[{"embeddable":true,"href":"https:\/\/www.radiopresidenteibanez.cl\/web\/wp-json\/wp\/v2\/media\/53297"}],"wp:attachment":[{"href":"https:\/\/www.radiopresidenteibanez.cl\/web\/wp-json\/wp\/v2\/media?parent=53296"}],"wp:term":[{"taxonomy":"category","embeddable":true,"href":"https:\/\/www.radiopresidenteibanez.cl\/web\/wp-json\/wp\/v2\/categories?post=53296"},{"taxonomy":"post_tag","embeddable":true,"href":"https:\/\/www.radiopresidenteibanez.cl\/web\/wp-json\/wp\/v2\/tags?post=53296"}],"curies":[{"name":"wp","href":"https:\/\/api.w.org\/{rel}","templated":true}]}}