{"id":53293,"date":"2024-12-27T11:19:00","date_gmt":"2024-12-27T14:19:00","guid":{"rendered":"https:\/\/www.radiopresidenteibanez.cl\/web\/?p=53293"},"modified":"2024-12-27T08:48:33","modified_gmt":"2024-12-27T11:48:33","slug":"conaf-refuerza-la-prevencion-de-incendios-con-patrullajes-aereos-y-terrestres-en-la-region-de-magallanes","status":"publish","type":"post","link":"https:\/\/www.radiopresidenteibanez.cl\/web\/conaf-refuerza-la-prevencion-de-incendios-con-patrullajes-aereos-y-terrestres-en-la-region-de-magallanes\/","title":{"rendered":"CONAF refuerza la prevenci\u00f3n de incendios con patrullajes a\u00e9reos y terrestres en la regi\u00f3n de Magallanes."},"content":{"rendered":"\n<p><em>La secretaria regional ministerial de agricultura, Irene Ram\u00edrez M\u00e9rida, inform\u00f3 que la Corporaci\u00f3n Nacional Forestal, CONAF, dependiente del Ministerio de Agricultura, despleg\u00f3 las brigadas en los distintos sectores de la regi\u00f3n.&nbsp;<\/em><\/p>\n\n\n\n<p><em>Durante la ma\u00f1ana de ayer, 25 de diciembre, se recibi\u00f3 el segundo helic\u00f3ptero de apoyo para el plan regional de prevenci\u00f3n, combate y mitigaci\u00f3n de incendios en la regi\u00f3n y el cual permanecer\u00e1&nbsp;durante esta temporada en Punta Arenas, por tanto, esto permiti\u00f3 realizar patrullajes a\u00e9reos hacia el sector sur y norte de la ciudad durante las festividades navide\u00f1a, el cual fue apoyado por brigadas terrestres que se desplegaron donde el helic\u00f3ptero detect\u00f3 m\u00faltiples fogatas, manifest\u00f3 la autoridad del Agro.<\/em><\/p>\n\n\n\n<p><em>El director de CONAF, Mauricio Ruiz Bustamante, inform\u00f3 que los lugares con mayor afluencia de personas fueron el sector de San Juan y la Bocatoma del r\u00edo Las Minas en Punta Arenas. En Puerto Natales, destac\u00f3 la presencia de visitantes en el sector de Laguna Sof\u00eda, donde las brigadas permanecieron desplegadas entregando recomendaciones del uso del fuego. Asimismo, indic\u00f3 que en la provincia de Tierra del Fuego y la localidad de Puerto Williams se realizaron patrullajes, los cuales no presentaron novedades.<\/em><\/p>\n\n\n\n<p><em>En Punta Arenas brigadistas recorrieron a pie los sectores de mayor afluencia haciendo prevenci\u00f3n y tomando contacto con las familias. Se cont\u00f3 con el apoyo de carabineros en los puntos de mayor afluencia de p\u00fablico. La Brigada Nocturna de Punta Arenas a las 22:30 relevo y se dirigi\u00f3 para continuar las actividades de prevenci\u00f3n y monitoreo en el sector de San Juan.<\/em><\/p>\n\n\n\n<p><em>Finalmente las autoridades, destacaron la labor de las y los brigadistas, as\u00ed como el apoyo de las distintas instituciones, y la comunidad en general quienes muchos de ellos siguieron los consejos en prevenci\u00f3n y esperamos el &nbsp;mismo comportamiento de la comunidad, porque juntos resguardamos nuestra regi\u00f3n y su gente.<\/em><\/p>\n","protected":false},"excerpt":{"rendered":"<p>La secretaria regional ministerial de agricultura, Irene Ram\u00edrez M\u00e9rida, inform\u00f3 que la Corporaci\u00f3n Nacional Forestal, CONAF, dependiente del Ministerio de Agricultura, despleg\u00f3 las brigadas en los distintos sectores de la&#8230; <a class=\"read-more\" href=\"https:\/\/www.radiopresidenteibanez.cl\/web\/conaf-refuerza-la-prevencion-de-incendios-con-patrullajes-aereos-y-terrestres-en-la-region-de-magallanes\/\">Leer m\u00e1s<\/a><\/p>\n","protected":false},"author":2,"featured_media":53294,"comment_status":"closed","ping_status":"closed","sticky":false,"template":"","format":"standard","meta":{"footnotes":""},"categories":[1],"tags":[],"class_list":["post-53293","post","type-post","status-publish","format-standard","has-post-thumbnail","hentry","category-cronica"],"_links":{"self":[{"href":"https:\/\/www.radiopresidenteibanez.cl\/web\/wp-json\/wp\/v2\/posts\/53293","targetHints":{"allow":["GET"]}}],"collection":[{"href":"https:\/\/www.radiopresidenteibanez.cl\/web\/wp-json\/wp\/v2\/posts"}],"about":[{"href":"https:\/\/www.radiopresidenteibanez.cl\/web\/wp-json\/wp\/v2\/types\/post"}],"author":[{"embeddable":true,"href":"https:\/\/www.radiopresidenteibanez.cl\/web\/wp-json\/wp\/v2\/users\/2"}],"replies":[{"embeddable":true,"href":"https:\/\/www.radiopresidenteibanez.cl\/web\/wp-json\/wp\/v2\/comments?post=53293"}],"version-history":[{"count":0,"href":"https:\/\/www.radiopresidenteibanez.cl\/web\/wp-json\/wp\/v2\/posts\/53293\/revisions"}],"wp:featuredmedia":[{"embeddable":true,"href":"https:\/\/www.radiopresidenteibanez.cl\/web\/wp-json\/wp\/v2\/media\/53294"}],"wp:attachment":[{"href":"https:\/\/www.radiopresidenteibanez.cl\/web\/wp-json\/wp\/v2\/media?parent=53293"}],"wp:term":[{"taxonomy":"category","embeddable":true,"href":"https:\/\/www.radiopresidenteibanez.cl\/web\/wp-json\/wp\/v2\/categories?post=53293"},{"taxonomy":"post_tag","embeddable":true,"href":"https:\/\/www.radiopresidenteibanez.cl\/web\/wp-json\/wp\/v2\/tags?post=53293"}],"curies":[{"name":"wp","href":"https:\/\/api.w.org\/{rel}","templated":true}]}}