{"id":53290,"date":"2024-12-27T09:03:00","date_gmt":"2024-12-27T12:03:00","guid":{"rendered":"https:\/\/www.radiopresidenteibanez.cl\/web\/?p=53290"},"modified":"2024-12-27T08:42:36","modified_gmt":"2024-12-27T11:42:36","slug":"boletin-informativo-matinal-orbe-26","status":"publish","type":"post","link":"https:\/\/www.radiopresidenteibanez.cl\/web\/boletin-informativo-matinal-orbe-26\/","title":{"rendered":"Boletin Informativo Matinal ORBE"},"content":{"rendered":"\n<p>SANTIAGO.- A pocos d\u00edas de que termine 2024, Black&amp;White<br>present\u00f3 su \u00faltima encuesta del a\u00f1o, centrada en las<br>proyecciones para 2025 en los \u00e1mbitos econ\u00f3mico y de<br>seguridad. En las proyecciones econ\u00f3micas, la mayor\u00eda<br>realativa considera que su situaci\u00f3n econ\u00f3mica 42 por ciento,<br>y la de su familia, 41 por ciento mejorar\u00e1. Por otro lado, un<br>42 por ciento cree que la econom\u00eda nacional empeorar\u00e1,<br>mientras que un 33 por ciento espera que mejore y un 25 por<br>ciento considera que no cambiar\u00e1.<\/p>\n\n\n\n<p>SANTIAGO.- Por otro lado, la mayor\u00eda relativa, 42 por ciento,<br>considera que su vida en seguridad empeorar\u00e1 el 2025.<br>Mientras que un 30 por ciento dice que mejorar\u00e1 y un 28 por<br>ciento que no cambiar\u00e1. Un 41 por ciento de los encuestados<br>considera como principal desaf\u00edo el 2025 debe ser elaborar<br>mejores pol\u00edticas en seguridad. Lo sigue el impulsar el<br>crecimiento econ\u00f3mico con un 27 por ciento; acuerdo de<br>pensiones 22 por ciento y 10 por ciento, cambiar el sistema<br>pol\u00edtico.<\/p>\n\n\n\n<p>SANTIAGO.- El Estado de Chile fue demandado por 900 millones<br>de pesos por parte de la viuda del cabo Eugenio Na\u00edn<br>-ascendido p\u00f3stumamente a suboficial mayor-, asesinado el 30<br>de octubre de 2020 durante un procedimiento policial en la<br>Ruta 5 Sur, a la altura de la comuna de Padre Las Casas,<br>Regi\u00f3n de La Araucan\u00eda. La millonaria demanda hace referencia<br>a \u00abfalta de servicio\u00bb, dado que el uniformado, al momento del<br>crimen, no contaba con los elementos de seguridad<br>requeridos.<\/p>\n\n\n\n<p>SANTIAGO.- En detalle, la mujer advierte que su marido no<br>contaba con ropa adecuada, casco ni chaleco antibalas, adem\u00e1s<br>de que tampoco se movilizaba en un veh\u00edculo que fuera<br>blindado. El crimen de este uniformado fue uno de los que<br>impuls\u00f3 la bullada Ley Na\u00edn-Retamal, que aumenta las penas<br>por delitos cometidos contra funcionarios de Carabineros, la<br>Polic\u00eda de Investigaciones y Gendarmer\u00eda, y establece la<br>leg\u00edtima defensa en el ejercicio de la funci\u00f3n policial.<\/p>\n\n\n\n<p>EL SALVADOR.- Cobresal contin\u00faa animando el mercado de pases<br>en el f\u00fatbol chileno y anunci\u00f3 la contrataci\u00f3n del delantero<br>paname\u00f1o C\u00e9sar Yanis como su noveno refuerzo para afrontar la<br>temporada 2025. El futbolista centroamericano lleg\u00f3<br>proveniente desde Sport Cartagines de la Primera Divisi\u00f3n de<br>Costa Rica, donde alcanz\u00f3 a disputar 21 encuentros durante<br>este a\u00f1o y anot\u00f3 apenas tres goles.<\/p>\n\n\n\n<p>EL SALVADOR.- Asimismo, el ariete de 28 a\u00f1os estuvo presente<br>con el combinado de Panam\u00e1 en la Copa Am\u00e9rica que se disput\u00f3<br>en Estados Unidos durante julio. All\u00ed disput\u00f3 un solo<br>encuentro, ingresando en los descuentos y anotando una sola<br>diana, ante Bolivia. Yanis sumar\u00e1 su primera experiencia en<br>Chile y la tercera en el extranjero despu\u00e9s de estar presente<br>en Real Zaragoza y Zamora de Espa\u00f1a.<\/p>\n","protected":false},"excerpt":{"rendered":"<p>SANTIAGO.- A pocos d\u00edas de que termine 2024, Black&amp;Whitepresent\u00f3 su \u00faltima encuesta del a\u00f1o, centrada en lasproyecciones para 2025 en los \u00e1mbitos econ\u00f3mico y deseguridad. En las proyecciones econ\u00f3micas, la&#8230; <a class=\"read-more\" href=\"https:\/\/www.radiopresidenteibanez.cl\/web\/boletin-informativo-matinal-orbe-26\/\">Leer m\u00e1s<\/a><\/p>\n","protected":false},"author":2,"featured_media":53291,"comment_status":"closed","ping_status":"closed","sticky":false,"template":"","format":"standard","meta":{"footnotes":""},"categories":[1],"tags":[],"class_list":["post-53290","post","type-post","status-publish","format-standard","has-post-thumbnail","hentry","category-cronica"],"_links":{"self":[{"href":"https:\/\/www.radiopresidenteibanez.cl\/web\/wp-json\/wp\/v2\/posts\/53290","targetHints":{"allow":["GET"]}}],"collection":[{"href":"https:\/\/www.radiopresidenteibanez.cl\/web\/wp-json\/wp\/v2\/posts"}],"about":[{"href":"https:\/\/www.radiopresidenteibanez.cl\/web\/wp-json\/wp\/v2\/types\/post"}],"author":[{"embeddable":true,"href":"https:\/\/www.radiopresidenteibanez.cl\/web\/wp-json\/wp\/v2\/users\/2"}],"replies":[{"embeddable":true,"href":"https:\/\/www.radiopresidenteibanez.cl\/web\/wp-json\/wp\/v2\/comments?post=53290"}],"version-history":[{"count":0,"href":"https:\/\/www.radiopresidenteibanez.cl\/web\/wp-json\/wp\/v2\/posts\/53290\/revisions"}],"wp:featuredmedia":[{"embeddable":true,"href":"https:\/\/www.radiopresidenteibanez.cl\/web\/wp-json\/wp\/v2\/media\/53291"}],"wp:attachment":[{"href":"https:\/\/www.radiopresidenteibanez.cl\/web\/wp-json\/wp\/v2\/media?parent=53290"}],"wp:term":[{"taxonomy":"category","embeddable":true,"href":"https:\/\/www.radiopresidenteibanez.cl\/web\/wp-json\/wp\/v2\/categories?post=53290"},{"taxonomy":"post_tag","embeddable":true,"href":"https:\/\/www.radiopresidenteibanez.cl\/web\/wp-json\/wp\/v2\/tags?post=53290"}],"curies":[{"name":"wp","href":"https:\/\/api.w.org\/{rel}","templated":true}]}}