{"id":53275,"date":"2024-12-26T15:53:00","date_gmt":"2024-12-26T18:53:00","guid":{"rendered":"https:\/\/www.radiopresidenteibanez.cl\/web\/?p=53275"},"modified":"2024-12-26T10:44:39","modified_gmt":"2024-12-26T13:44:39","slug":"seremi-de-ciencia-veronica-vallejos-y-plan-de-data-centers-es-la-base-que-va-a-orientar-la-instalacion-descentralizada-de-esta-industria-a-lo-largo-del-pais","status":"publish","type":"post","link":"https:\/\/www.radiopresidenteibanez.cl\/web\/seremi-de-ciencia-veronica-vallejos-y-plan-de-data-centers-es-la-base-que-va-a-orientar-la-instalacion-descentralizada-de-esta-industria-a-lo-largo-del-pais\/","title":{"rendered":"Seremi de Ciencia Ver\u00f3nica Vallejos y Plan de Data Centers, \u201ces la base que va a orientar la instalaci\u00f3n descentralizada de esta industria a lo largo del pa\u00eds\u201d"},"content":{"rendered":"\n<p>\u201cTodos tenemos un celular en el bolsillo, y probablemente vemos pel\u00edculas en streaming y mandamos correos electr\u00f3nicos. Nada de eso ocurre sin los cables de conectividad y sin los data centers, que son los cerebros que hay detr\u00e1s de todo este tipo de actividades y, por lo tanto, la infraestructura esencial que soporta la transformaci\u00f3n tecnol\u00f3gica que est\u00e1 viviendo el mundo\u201d, con estas palabras la ministra de Ciencia, Ais\u00e9n Etcheverry, present\u00f3 el Plan Nacional de Data Centers, industria que ha experimentado un aumento acelerado en el \u00faltimo tiempo. Santiago ya cuenta con 22 centros y 30 proyectos anunciados, lo que representa un incremento de casi 5 veces en los \u00faltimos diez a\u00f1os.<\/p>\n\n\n\n<p>El plan, elaborado en conjunto con empresas y organizaciones sociales y medioambientales, se enmarca en el trabajo del Gabinete Pro Crecimiento y Empleo, y busca consolidar a Chile como un polo de atracci\u00f3n para esta industria en Am\u00e9rica Latina, asegurar que sea sustentable en t\u00e9rminos de consumo energ\u00e9tico e h\u00eddrico, que est\u00e9 soportado en acuerdos entre el Estado y el sector privado, y con foco en el despliegue de nuevas tecnolog\u00edas de datos.&nbsp;<\/p>\n\n\n\n<p>En esta l\u00ednea la seremi de Ciencia, Ver\u00f3nica Vallejos, explic\u00f3 que este plan \u201ces la base que va a orientar la instalaci\u00f3n descentralizada de esta industria a lo largo del pa\u00eds. Los data centers sostienen todos los procesos digitales a los que nos vinculamos diariamente, almacenando y procesando informaci\u00f3n, por lo que asegurar la inversi\u00f3n y el crecimiento de forma planificada van a permitir proyectar el liderazgo de Chile en esta \u00e1rea, y la macrozona austral presenta ventajas comparativas para esta industria, las que espero puedan ser visibilizadas durante el periodo de levantamiento de informaci\u00f3n que el plan propone a partir del 2025\u201d.<\/p>\n\n\n\n<p>El documento propone 9 medidas, las cuales se espera lograr al 2030: herramienta digital para el crecimiento org\u00e1nico y equilibrado de la industria; gu\u00eda de permisos cr\u00edtico para la construcci\u00f3n de Data Centers; criterios de evaluaci\u00f3n ambiental de proyectos; promoci\u00f3n de Acuerdos de Producci\u00f3n Limpia por el cambio clim\u00e1tico; impulso al servicio compartido de multi-nube estatal; desarrollo de competencias estrat\u00e9gicas para la industria; instalaci\u00f3n de campus de IA; capacidad de c\u00f3mputo de IA para I+D; y comit\u00e9 multi-actor para seguimiento y actualizaci\u00f3n del plan.&nbsp;<\/p>\n\n\n\n<p>Durante la presentaci\u00f3n del plan tambi\u00e9n se firm\u00f3 un compromiso que inicia el proceso de un Acuerdo de Producci\u00f3n Limpia (APL) por el cambio clim\u00e1tico entre el Ministerio de Ciencia y la Asociaci\u00f3n Chile Data Centers, que promover\u00e1 la reducci\u00f3n del consumo de agua, el uso de energ\u00edas renovables y la implementaci\u00f3n de pr\u00e1cticas que minimicen el impacto ambiental de esta industria.<\/p>\n\n\n\n<p><strong>\u00bfC\u00f3mo se formul\u00f3 el Plan?&nbsp;&nbsp;&nbsp;&nbsp;&nbsp;&nbsp;&nbsp;&nbsp;<\/strong><\/p>\n\n\n\n<p>La metodolog\u00eda para la elaboraci\u00f3n del Plan de Data Centers se bas\u00f3 en una estrategia participativa que integr\u00f3 diversos actores privados y p\u00fablicos y fuentes de informaci\u00f3n. El proceso incluy\u00f3 jornadas de participaci\u00f3n ciudadana, en las que vecinos, organizaciones sociales y representantes municipales discutieron temas como la responsabilidad socioambiental de la industria y su integraci\u00f3n con las comunidades locales.<\/p>\n\n\n\n<p>Adem\u00e1s, se realizaron sesiones de trabajo con 15 empresas de data centers con presencia en Chile para identificar oportunidades de inversi\u00f3n, desaf\u00edos operacionales y expectativas de crecimiento hacia 2030. Complementando estas instancias, se llevaron a cabo entrevistas con expertos nacionales e internacionales de pa\u00edses como Noruega, Pa\u00edses Bajos, Irlanda y M\u00e9xico, as\u00ed como con acad\u00e9micos especializados en las \u00e1reas de supercomputaci\u00f3n, inteligencia artificial, y urbanismo. Finalmente, se dispuso una consulta ciudadana que estuvo disponible hasta el 20 de noviembre.<\/p>\n\n\n\n<p>Informe completo en:&nbsp;<a href=\"https:\/\/minciencia.gob.cl\/areas\/Plan-Nacional-Data-Centers\/\" target=\"_blank\" rel=\"noreferrer noopener\">https:\/\/minciencia.gob.cl\/areas\/Plan-Nacional-Data-Centers\/<\/a><\/p>\n","protected":false},"excerpt":{"rendered":"<p>\u201cTodos tenemos un celular en el bolsillo, y probablemente vemos pel\u00edculas en streaming y mandamos correos electr\u00f3nicos. Nada de eso ocurre sin los cables de conectividad y sin los data&#8230; <a class=\"read-more\" href=\"https:\/\/www.radiopresidenteibanez.cl\/web\/seremi-de-ciencia-veronica-vallejos-y-plan-de-data-centers-es-la-base-que-va-a-orientar-la-instalacion-descentralizada-de-esta-industria-a-lo-largo-del-pais\/\">Leer m\u00e1s<\/a><\/p>\n","protected":false},"author":2,"featured_media":53276,"comment_status":"closed","ping_status":"closed","sticky":false,"template":"","format":"standard","meta":{"footnotes":""},"categories":[1],"tags":[],"class_list":["post-53275","post","type-post","status-publish","format-standard","has-post-thumbnail","hentry","category-cronica"],"_links":{"self":[{"href":"https:\/\/www.radiopresidenteibanez.cl\/web\/wp-json\/wp\/v2\/posts\/53275","targetHints":{"allow":["GET"]}}],"collection":[{"href":"https:\/\/www.radiopresidenteibanez.cl\/web\/wp-json\/wp\/v2\/posts"}],"about":[{"href":"https:\/\/www.radiopresidenteibanez.cl\/web\/wp-json\/wp\/v2\/types\/post"}],"author":[{"embeddable":true,"href":"https:\/\/www.radiopresidenteibanez.cl\/web\/wp-json\/wp\/v2\/users\/2"}],"replies":[{"embeddable":true,"href":"https:\/\/www.radiopresidenteibanez.cl\/web\/wp-json\/wp\/v2\/comments?post=53275"}],"version-history":[{"count":0,"href":"https:\/\/www.radiopresidenteibanez.cl\/web\/wp-json\/wp\/v2\/posts\/53275\/revisions"}],"wp:featuredmedia":[{"embeddable":true,"href":"https:\/\/www.radiopresidenteibanez.cl\/web\/wp-json\/wp\/v2\/media\/53276"}],"wp:attachment":[{"href":"https:\/\/www.radiopresidenteibanez.cl\/web\/wp-json\/wp\/v2\/media?parent=53275"}],"wp:term":[{"taxonomy":"category","embeddable":true,"href":"https:\/\/www.radiopresidenteibanez.cl\/web\/wp-json\/wp\/v2\/categories?post=53275"},{"taxonomy":"post_tag","embeddable":true,"href":"https:\/\/www.radiopresidenteibanez.cl\/web\/wp-json\/wp\/v2\/tags?post=53275"}],"curies":[{"name":"wp","href":"https:\/\/api.w.org\/{rel}","templated":true}]}}