{"id":53265,"date":"2024-12-26T12:39:00","date_gmt":"2024-12-26T15:39:00","guid":{"rendered":"https:\/\/www.radiopresidenteibanez.cl\/web\/?p=53265"},"modified":"2024-12-26T08:42:46","modified_gmt":"2024-12-26T11:42:46","slug":"programa-oficina-verde-entrega-certificacion-medioambiental-a-asmar-magallanes","status":"publish","type":"post","link":"https:\/\/www.radiopresidenteibanez.cl\/web\/programa-oficina-verde-entrega-certificacion-medioambiental-a-asmar-magallanes\/","title":{"rendered":"Programa \u201cOficina Verde\u201d entrega certificaci\u00f3n medioambiental a Asmar Magallanes"},"content":{"rendered":"\n<p>Como forma de agradecer el trabajo realizado por quienes son parte del Oficina Verde, se<br>realiz\u00f3 una salida a terreno, actividad que forma parte de las iniciativas al aire libre que<br>desarrolla el Ministerio de Medio Ambiente, instancia que permite disfrutar de la<br>naturaleza junto a quienes son parte del programa Oficina Verde, que en la regi\u00f3n incluye<br>a ASMAR, S.R.I ZonAutral y Vicerrector\u00eda de Vinculaci\u00f3n con el Medio de UMAG.<br>La iniciativa contempl\u00f3 un recorrido al sendero Chorrillo, en esta Reserva Nacional<br>ubicada a 50 km de Punta Arenas y creada el 22 de abril de 1977, con el objetivo de<br>proteger y conservar la calidad de la cuenca hidrogr\u00e1fica de la Laguna Parrillar, r\u00edo San<br>Juan y Chorrillos tributarios de la laguna, as\u00ed como la protecci\u00f3n de las formaciones<br>vegetales y fauna asociada.<br>El grupo avanz\u00f3 por los senderos, admirando el entorno, flora y fauna, informaci\u00f3n que<br>fue detallada a funcionarios y funcionarias por los profesionales Juan Francisco Pizarro<br>(Encargado de Recursos Naturales y Biodiversidad) y Francisco Bra\u00f1as (encargado de<br>profesional de \u00c1reas Protegidas); Karina Bahamonde (encargada de participaci\u00f3n<br>ambiental ciudadana) y el propio SEREMI de Medio Ambiente de Magallanes, Enrique<br>Rebolledo Toro.<br>El programa oficina Verde busca incorporar buenas pr\u00e1cticas ambientales en las<br>instituciones p\u00fablicas con el objetivo de reducir la huella de carbono y generar una cultura<br>de desarrollo sustentable, a trav\u00e9s de un programa de acreditaci\u00f3n, incorporando buenas<br>pr\u00e1cticas ambientales en el quehacer diario de entidades p\u00fablicas y privadas, que<br>desarrollan distintas medidas de sustentabilidad interna.<br>El eje central es generar un cambio en la cultura ambiental, y que colaboradores\/as sean<br>activos participantes en el proceso, apoyando con medidas tan simples como apagar la<br>luz, hasta el desarrollo de iniciativas que mejoren la eficiencia y disminuyan los impactos<br>ambientales. Para ello, el Programa invita a sumarse a los cambios de paradigmas y<br>conductas tendientes a formar una sociedad m\u00e1s sustentable, desaf\u00edo en el que el sector<br>p\u00fablico y privado tienen un rol fundamental.<br>En el Programa existen tres etapas que se deben cumplir: pre-acreditaci\u00f3n, acreditaci\u00f3n<br>(niveles b\u00e1sicos, intermedio y excelencia; y nivel de excelencia sobresaliente) y etapa de<br>Mantenci\u00f3n de la Acreditaci\u00f3n (nivel intermedio, excelencia y excelencia sobresaliente).<\/p>\n\n\n\n<p>SEREMI de Medio Ambiente &#8211; Avenida Bulnes 01040, Punta Arenas<br>Tel\u00e9fono 612 368506 &#8211; Correo pfernandezh@mma.gob.cl<\/p>\n\n\n\n<p>Asmar Magallanes<br>Durante el recorrido, se pudo conocer y disfrutar de parte de la biodiversidad y del paisaje<br>de la Reserva, adem\u00e1s de reconectarse con la naturaleza a trav\u00e9s de la actividad<br>\u00abSendero de los Sentidos\u00bb, din\u00e1mica que fue coordinada por 4 funcionarios de la SEREMI<br>de Medio Ambiente.<br>Esta Reserva destaca por la protecci\u00f3n de las especies de fauna como el huemul, puma,<br>carpintero negro, peuquito y conc\u00f3n. En cuanto a flora, se encuentran un bosque de lenga<br>y coig\u00fce de Magallanes. Es posible observar arbustos como calafate y michay, as\u00ed como<br>varias especies de orqu\u00eddeas, musgos y l\u00edquenes.<br>\u201cEstamos muy contentos de haber llevado a cabo este hito de entrega de certificaci\u00f3n<br>ac\u00e1, en la Laguna Parrillar, ubicada a un par de kil\u00f3metros al sur de Punta Arenas. Junto<br>a Asmar Zona Austral (rentas Inmobiliarias) y Universidad de Magallanes que forman<br>parte del programa Oficina Verde, pudimos disfrutar de esta conexi\u00f3n incre\u00edble con la<br>naturaleza y certificar en el nivel b\u00e1sico de estado verde a Asmar que hoy recibi\u00f3 su<br>diploma\u201d, destac\u00f3 el SEREMI de Medio Ambiente Enrique Rebolledo Toro.<br>Por su parte, Gonzalo Mitrovich, representante de Asmar Magallanes, se\u00f1al\u00f3 estar muy<br>contentos como instituci\u00f3n de recibir este reconocimiento y compartir este espacio de<br>recorrido que no s\u00f3lo permite tomar conciencia de nuestro impacto en el planeta, sino que<br>tambi\u00e9n se convierte en un espacio de relajo. Seguiremos trabajando en este programa<br>porque queremos potenciar m\u00e1s iniciativa de la regi\u00f3n en temas como econom\u00eda circular y<br>otras que fortalezcan la calidad de vida de nuestro personal como el reciclaje.<br>Esta Reserva Natural de una extensi\u00f3n de m\u00e1s de 128.000 hect\u00e1reas, es administrada<br>por CONAF.<\/p>\n","protected":false},"excerpt":{"rendered":"<p>Como forma de agradecer el trabajo realizado por quienes son parte del Oficina Verde, serealiz\u00f3 una salida a terreno, actividad que forma parte de las iniciativas al aire libre quedesarrolla&#8230; <a class=\"read-more\" href=\"https:\/\/www.radiopresidenteibanez.cl\/web\/programa-oficina-verde-entrega-certificacion-medioambiental-a-asmar-magallanes\/\">Leer m\u00e1s<\/a><\/p>\n","protected":false},"author":2,"featured_media":53266,"comment_status":"closed","ping_status":"closed","sticky":false,"template":"","format":"standard","meta":{"footnotes":""},"categories":[1],"tags":[],"class_list":["post-53265","post","type-post","status-publish","format-standard","has-post-thumbnail","hentry","category-cronica"],"_links":{"self":[{"href":"https:\/\/www.radiopresidenteibanez.cl\/web\/wp-json\/wp\/v2\/posts\/53265","targetHints":{"allow":["GET"]}}],"collection":[{"href":"https:\/\/www.radiopresidenteibanez.cl\/web\/wp-json\/wp\/v2\/posts"}],"about":[{"href":"https:\/\/www.radiopresidenteibanez.cl\/web\/wp-json\/wp\/v2\/types\/post"}],"author":[{"embeddable":true,"href":"https:\/\/www.radiopresidenteibanez.cl\/web\/wp-json\/wp\/v2\/users\/2"}],"replies":[{"embeddable":true,"href":"https:\/\/www.radiopresidenteibanez.cl\/web\/wp-json\/wp\/v2\/comments?post=53265"}],"version-history":[{"count":0,"href":"https:\/\/www.radiopresidenteibanez.cl\/web\/wp-json\/wp\/v2\/posts\/53265\/revisions"}],"wp:featuredmedia":[{"embeddable":true,"href":"https:\/\/www.radiopresidenteibanez.cl\/web\/wp-json\/wp\/v2\/media\/53266"}],"wp:attachment":[{"href":"https:\/\/www.radiopresidenteibanez.cl\/web\/wp-json\/wp\/v2\/media?parent=53265"}],"wp:term":[{"taxonomy":"category","embeddable":true,"href":"https:\/\/www.radiopresidenteibanez.cl\/web\/wp-json\/wp\/v2\/categories?post=53265"},{"taxonomy":"post_tag","embeddable":true,"href":"https:\/\/www.radiopresidenteibanez.cl\/web\/wp-json\/wp\/v2\/tags?post=53265"}],"curies":[{"name":"wp","href":"https:\/\/api.w.org\/{rel}","templated":true}]}}