{"id":53262,"date":"2024-12-26T11:19:00","date_gmt":"2024-12-26T14:19:00","guid":{"rendered":"https:\/\/www.radiopresidenteibanez.cl\/web\/?p=53262"},"modified":"2024-12-26T08:33:33","modified_gmt":"2024-12-26T11:33:33","slug":"mesa-estrategica-de-recursos-hidricos-de-la-cuenca-costera-entre-seno-andrew-y-punta-desengano-cierra-el-ano-con-importantes-avances","status":"publish","type":"post","link":"https:\/\/www.radiopresidenteibanez.cl\/web\/mesa-estrategica-de-recursos-hidricos-de-la-cuenca-costera-entre-seno-andrew-y-punta-desengano-cierra-el-ano-con-importantes-avances\/","title":{"rendered":"MESA ESTRAT\u00c9GICA DE RECURSOS H\u00cdDRICOS DE LA CUENCA COSTERA ENTRE SENO ANDREW Y PUNTA DESENGA\u00d1O CIERRA EL A\u00d1O CON IMPORTANTES AVANCES\u00a0"},"content":{"rendered":"\n<p>El 10 de diciembre pasado, se realiz\u00f3 en Puerto Natales la tercera sesi\u00f3n ordinaria de la Mesa Estrat\u00e9gica de Recursos H\u00eddricos de la cuenca costera entre seno Andrew y Punta Desenga\u00f1o, oportunidad en la cual se desarroll\u00f3 un taller con el equipo de Deltares y Valuing Water Iniciate de Pa\u00edses Bajos, con din\u00e1micas y actividades colectivas para trabajar la imagen objetivo de la cuenca.&nbsp;<\/p>\n\n\n\n<p>La directora regional de Aguas del Ministerio de Obras P\u00fablicas, Lorena Olivares, destac\u00f3 que \u201cla imagen objetivo es muy importante, porque busca definir a trav\u00e9s de un proceso participativo, una visi\u00f3n futura deseable sobre los recursos h\u00eddricos en la cuenca, considerando consumo humano de subsistencia, actividades productivas, conservaci\u00f3n y preservaci\u00f3n de los ecosistemas y resiliencia ante eventos extremos, con la finalidad de visualizar el desarrollo integrado de la cuenca en torno a la seguridad h\u00eddrica. Esta imagen, permitir\u00e1 definir el objetivo general del Plan Estrat\u00e9gico de Recursos H\u00eddricos para la cuenca\u201d.&nbsp;&nbsp;&nbsp;<\/p>\n\n\n\n<p>Olivares indic\u00f3 que un avance sustancial es el desarrollo del estudio que ejecuta la consultora Enlaces SpA para elaborar el Plan Estrat\u00e9gico de Recursos H\u00eddricos, el cual deber\u00e1 arrojar una completa radiograf\u00eda de la cuenca junto con proponer medidas y acciones que la Mesa deber\u00e1 priorizar para avanzar en seguridad h\u00eddrica.&nbsp;&nbsp;<\/p>\n\n\n\n<p>La directora regional de la DGA junto al Seremi de Obras P\u00fablicas, Jos\u00e9 Luis Hern\u00e1ndez, indicaron que en la \u00faltima sesi\u00f3n del a\u00f1o adem\u00e1s se realiz\u00f3 un balance de las acciones realizadas por&nbsp; la DGA para abordar las problem\u00e1ticas identificadas por los integrantes de la Mesa en sesiones anteriores, lo cual deriv\u00f3 en 7 fiscalizaciones realizadas en la cuenca, principalmente por infracciones al C\u00f3digo de Aguas en materias de actos y labores no autorizados en cauce.&nbsp;&nbsp;<\/p>\n\n\n\n<p>Para atender la falta de estudios y antecedentes en aspectos h\u00eddricos, en tanto, la DGA comprometi\u00f3 licitar un estudio de aguas subterr\u00e1neas para la provincia de \u00daltima Esperanza, y adem\u00e1s, ante la preocupaci\u00f3n por la calidad del agua del estero Natales, la DGA incluy\u00f3 este cauce en los muestreos rutinarios para determinar par\u00e1metros de temperatura, pH, conductividad, ox\u00edgeno disuelto y algunos metales, entre otros.&nbsp;<\/p>\n\n\n\n<p>Por \u00faltimo, la directora regional de Aguas, indic\u00f3 que la pr\u00f3xima sesi\u00f3n de la Mesa est\u00e1 programada para marzo de 2025, junto con la primera participaci\u00f3n ciudadana del estudio para elaborar el Plan Estrat\u00e9gico de Recursos H\u00eddricos.&nbsp;<\/p>\n","protected":false},"excerpt":{"rendered":"<p>El 10 de diciembre pasado, se realiz\u00f3 en Puerto Natales la tercera sesi\u00f3n ordinaria de la Mesa Estrat\u00e9gica de Recursos H\u00eddricos de la cuenca costera entre seno Andrew y Punta&#8230; <a class=\"read-more\" href=\"https:\/\/www.radiopresidenteibanez.cl\/web\/mesa-estrategica-de-recursos-hidricos-de-la-cuenca-costera-entre-seno-andrew-y-punta-desengano-cierra-el-ano-con-importantes-avances\/\">Leer m\u00e1s<\/a><\/p>\n","protected":false},"author":2,"featured_media":53263,"comment_status":"closed","ping_status":"closed","sticky":false,"template":"","format":"standard","meta":{"footnotes":""},"categories":[1],"tags":[],"class_list":["post-53262","post","type-post","status-publish","format-standard","has-post-thumbnail","hentry","category-cronica"],"_links":{"self":[{"href":"https:\/\/www.radiopresidenteibanez.cl\/web\/wp-json\/wp\/v2\/posts\/53262","targetHints":{"allow":["GET"]}}],"collection":[{"href":"https:\/\/www.radiopresidenteibanez.cl\/web\/wp-json\/wp\/v2\/posts"}],"about":[{"href":"https:\/\/www.radiopresidenteibanez.cl\/web\/wp-json\/wp\/v2\/types\/post"}],"author":[{"embeddable":true,"href":"https:\/\/www.radiopresidenteibanez.cl\/web\/wp-json\/wp\/v2\/users\/2"}],"replies":[{"embeddable":true,"href":"https:\/\/www.radiopresidenteibanez.cl\/web\/wp-json\/wp\/v2\/comments?post=53262"}],"version-history":[{"count":0,"href":"https:\/\/www.radiopresidenteibanez.cl\/web\/wp-json\/wp\/v2\/posts\/53262\/revisions"}],"wp:featuredmedia":[{"embeddable":true,"href":"https:\/\/www.radiopresidenteibanez.cl\/web\/wp-json\/wp\/v2\/media\/53263"}],"wp:attachment":[{"href":"https:\/\/www.radiopresidenteibanez.cl\/web\/wp-json\/wp\/v2\/media?parent=53262"}],"wp:term":[{"taxonomy":"category","embeddable":true,"href":"https:\/\/www.radiopresidenteibanez.cl\/web\/wp-json\/wp\/v2\/categories?post=53262"},{"taxonomy":"post_tag","embeddable":true,"href":"https:\/\/www.radiopresidenteibanez.cl\/web\/wp-json\/wp\/v2\/tags?post=53262"}],"curies":[{"name":"wp","href":"https:\/\/api.w.org\/{rel}","templated":true}]}}