{"id":5326,"date":"2019-06-25T19:04:31","date_gmt":"2019-06-25T19:04:31","guid":{"rendered":"http:\/\/www.radiopresidenteibanez.cl\/web\/?p=5326"},"modified":"2019-06-25T20:36:49","modified_gmt":"2019-06-25T20:36:49","slug":"codema-llama-a-protestar-por-despidos-en-mina-invierno","status":"publish","type":"post","link":"https:\/\/www.radiopresidenteibanez.cl\/web\/codema-llama-a-protestar-por-despidos-en-mina-invierno\/","title":{"rendered":"CODEMA LLAMA A PROTESTAR POR DESPIDOS EN MINA INVIERNO"},"content":{"rendered":"\n<p> El Comit\u00e9 por la Defensa de Magallanes, Codema, llam\u00f3 a todos los \u00abchalecos amarillos\u00bb de la regi\u00f3n a manifestarse en contra de los despidos de trabajadores de Mina Invierno provocados por la decisi\u00f3n del Tercer Tribunal Ambiental de Valdivia de mantener la prohibici\u00f3n a las tronaduras como m\u00e9todo complementario de extracci\u00f3n de carb\u00f3n.<\/p>\n\n\n\n<p>Ram\u00f3n Vargas, presidente de la organizaci\u00f3n gremial invit\u00f3 a reunirse en una masiva manifestaci\u00f3n este viernes 28 de junio a las 15.30 horas al frente de la Corte de Apelaciones de Punta Arenas en Avenida Independencia con Jos\u00e9 Nogueira.<\/p>\n\n\n\n<p>\u00abLes vamos a enviar un mensaje a los jueces de Valdivia: No queremos jueces que se dediquen al activismo judicial. Queremos jueces que respeten las leyes y que al mismo tiempo usen el criterio. No nos vamos a dejar amedrentar por estos se\u00f1ores que no tienen idea del est\u00e1ndar de producci\u00f3n de Mina Invierno.\u00bb, dijo Vargas. <\/p>\n\n\n\n<figure class=\"wp-block-image\"><img loading=\"lazy\" decoding=\"async\" width=\"800\" height=\"450\" src=\"https:\/\/www.radiopresidenteibanez.cl\/web\/wp-content\/uploads\/2019\/06\/DSC01834.jpg\" alt=\"\" class=\"wp-image-5327\" srcset=\"https:\/\/www.radiopresidenteibanez.cl\/web\/wp-content\/uploads\/2019\/06\/DSC01834.jpg 800w, https:\/\/www.radiopresidenteibanez.cl\/web\/wp-content\/uploads\/2019\/06\/DSC01834-300x169.jpg 300w, https:\/\/www.radiopresidenteibanez.cl\/web\/wp-content\/uploads\/2019\/06\/DSC01834-768x432.jpg 768w\" sizes=\"auto, (max-width: 800px) 100vw, 800px\" \/><\/figure>\n","protected":false},"excerpt":{"rendered":"<p>El Comit\u00e9 por la Defensa de Magallanes, Codema, llam\u00f3 a todos los \u00abchalecos amarillos\u00bb de la regi\u00f3n a manifestarse en contra de los despidos de trabajadores de Mina Invierno provocados&#8230; <a class=\"read-more\" href=\"https:\/\/www.radiopresidenteibanez.cl\/web\/codema-llama-a-protestar-por-despidos-en-mina-invierno\/\">Leer m\u00e1s<\/a><\/p>\n","protected":false},"author":2,"featured_media":5327,"comment_status":"closed","ping_status":"closed","sticky":false,"template":"","format":"standard","meta":{"footnotes":""},"categories":[1],"tags":[],"class_list":["post-5326","post","type-post","status-publish","format-standard","has-post-thumbnail","hentry","category-cronica"],"_links":{"self":[{"href":"https:\/\/www.radiopresidenteibanez.cl\/web\/wp-json\/wp\/v2\/posts\/5326","targetHints":{"allow":["GET"]}}],"collection":[{"href":"https:\/\/www.radiopresidenteibanez.cl\/web\/wp-json\/wp\/v2\/posts"}],"about":[{"href":"https:\/\/www.radiopresidenteibanez.cl\/web\/wp-json\/wp\/v2\/types\/post"}],"author":[{"embeddable":true,"href":"https:\/\/www.radiopresidenteibanez.cl\/web\/wp-json\/wp\/v2\/users\/2"}],"replies":[{"embeddable":true,"href":"https:\/\/www.radiopresidenteibanez.cl\/web\/wp-json\/wp\/v2\/comments?post=5326"}],"version-history":[{"count":0,"href":"https:\/\/www.radiopresidenteibanez.cl\/web\/wp-json\/wp\/v2\/posts\/5326\/revisions"}],"wp:featuredmedia":[{"embeddable":true,"href":"https:\/\/www.radiopresidenteibanez.cl\/web\/wp-json\/wp\/v2\/media\/5327"}],"wp:attachment":[{"href":"https:\/\/www.radiopresidenteibanez.cl\/web\/wp-json\/wp\/v2\/media?parent=5326"}],"wp:term":[{"taxonomy":"category","embeddable":true,"href":"https:\/\/www.radiopresidenteibanez.cl\/web\/wp-json\/wp\/v2\/categories?post=5326"},{"taxonomy":"post_tag","embeddable":true,"href":"https:\/\/www.radiopresidenteibanez.cl\/web\/wp-json\/wp\/v2\/tags?post=5326"}],"curies":[{"name":"wp","href":"https:\/\/api.w.org\/{rel}","templated":true}]}}