{"id":5323,"date":"2019-06-25T18:50:12","date_gmt":"2019-06-25T18:50:12","guid":{"rendered":"http:\/\/www.radiopresidenteibanez.cl\/web\/?p=5323"},"modified":"2019-06-25T18:50:40","modified_gmt":"2019-06-25T18:50:40","slug":"mas-de-un-centenar-de-trabajadores-fueron-desvinculados-de-mina-invierno","status":"publish","type":"post","link":"https:\/\/www.radiopresidenteibanez.cl\/web\/mas-de-un-centenar-de-trabajadores-fueron-desvinculados-de-mina-invierno\/","title":{"rendered":"M\u00c1S DE UN CENTENAR DE TRABAJADORES FUERON DESVINCULADOS DE MINA INVIERNO"},"content":{"rendered":"\n<p>Cuando faltaban pocos minutos para las 08:00 horas de este martes,\nse dio a conocer que m\u00e1s de un centenar de trabajadores fueron desvinculados\ndesde Mina Invierno, esto luego de que la medida cautelar del Tribunal\nAmbiental de Valdivia, no fuera a favor de realizar tronaduras en Isla Riesco.<\/p>\n\n\n\n<p>Ante lo anterior la empresa anuncio en ese momento que comenzar\u00eda la desvinculaci\u00f3n de sus colaboradores, siendo el mes de noviembre el cierre total de las faenas del carb\u00f3n.<\/p>\n\n\n\n<figure class=\"wp-block-image\"><img loading=\"lazy\" decoding=\"async\" width=\"677\" height=\"400\" src=\"http:\/\/www.radiopresidenteibanez.cl\/web\/wp-content\/uploads\/2019\/01\/Mina-Invierno.jpg\" alt=\"\" class=\"wp-image-391\" srcset=\"https:\/\/www.radiopresidenteibanez.cl\/web\/wp-content\/uploads\/2019\/01\/Mina-Invierno.jpg 677w, https:\/\/www.radiopresidenteibanez.cl\/web\/wp-content\/uploads\/2019\/01\/Mina-Invierno-300x177.jpg 300w\" sizes=\"auto, (max-width: 677px) 100vw, 677px\" \/><\/figure>\n","protected":false},"excerpt":{"rendered":"<p>Cuando faltaban pocos minutos para las 08:00 horas de este martes, se dio a conocer que m\u00e1s de un centenar de trabajadores fueron desvinculados desde Mina Invierno, esto luego de&#8230; <a class=\"read-more\" href=\"https:\/\/www.radiopresidenteibanez.cl\/web\/mas-de-un-centenar-de-trabajadores-fueron-desvinculados-de-mina-invierno\/\">Leer m\u00e1s<\/a><\/p>\n","protected":false},"author":2,"featured_media":391,"comment_status":"closed","ping_status":"closed","sticky":false,"template":"","format":"standard","meta":{"footnotes":""},"categories":[1],"tags":[],"class_list":["post-5323","post","type-post","status-publish","format-standard","has-post-thumbnail","hentry","category-cronica"],"_links":{"self":[{"href":"https:\/\/www.radiopresidenteibanez.cl\/web\/wp-json\/wp\/v2\/posts\/5323","targetHints":{"allow":["GET"]}}],"collection":[{"href":"https:\/\/www.radiopresidenteibanez.cl\/web\/wp-json\/wp\/v2\/posts"}],"about":[{"href":"https:\/\/www.radiopresidenteibanez.cl\/web\/wp-json\/wp\/v2\/types\/post"}],"author":[{"embeddable":true,"href":"https:\/\/www.radiopresidenteibanez.cl\/web\/wp-json\/wp\/v2\/users\/2"}],"replies":[{"embeddable":true,"href":"https:\/\/www.radiopresidenteibanez.cl\/web\/wp-json\/wp\/v2\/comments?post=5323"}],"version-history":[{"count":0,"href":"https:\/\/www.radiopresidenteibanez.cl\/web\/wp-json\/wp\/v2\/posts\/5323\/revisions"}],"wp:featuredmedia":[{"embeddable":true,"href":"https:\/\/www.radiopresidenteibanez.cl\/web\/wp-json\/wp\/v2\/media\/391"}],"wp:attachment":[{"href":"https:\/\/www.radiopresidenteibanez.cl\/web\/wp-json\/wp\/v2\/media?parent=5323"}],"wp:term":[{"taxonomy":"category","embeddable":true,"href":"https:\/\/www.radiopresidenteibanez.cl\/web\/wp-json\/wp\/v2\/categories?post=5323"},{"taxonomy":"post_tag","embeddable":true,"href":"https:\/\/www.radiopresidenteibanez.cl\/web\/wp-json\/wp\/v2\/tags?post=5323"}],"curies":[{"name":"wp","href":"https:\/\/api.w.org\/{rel}","templated":true}]}}