{"id":53226,"date":"2024-12-24T09:04:00","date_gmt":"2024-12-24T12:04:00","guid":{"rendered":"https:\/\/www.radiopresidenteibanez.cl\/web\/?p=53226"},"modified":"2024-12-24T08:45:46","modified_gmt":"2024-12-24T11:45:46","slug":"boletin-informativo-matinal-orbe-24","status":"publish","type":"post","link":"https:\/\/www.radiopresidenteibanez.cl\/web\/boletin-informativo-matinal-orbe-24\/","title":{"rendered":"Boletin Informativo Matinal ORBE"},"content":{"rendered":"\n<p>SANTIAGO.- El 9 de diciembre del presente a\u00f1o el Tribunal<br>Ambiental de Antofagasta anul\u00f3 el fallo del Comit\u00e9 de<br>Ministros, revirtiendo el rechazo a la ejecuci\u00f3n del bullado<br>proyecto minero-portuario Dominga. Y en ese momento, entreg\u00f3<br>un plazo de 15 d\u00edas h\u00e1biles a los secretarios de Estado para<br>volver a sesionar y deliberar sobre la iniciativa que busca<br>emplazarse en La Higuera, regi\u00f3n de Coquimbo.<\/p>\n\n\n\n<p>SANTIAGO.- A juicio del tribunal, los ministros<br>transgredieron el principio de imparcialidad al haber<br>manifestado con anterioridad y de manera p\u00fablica su rechazo a<br>Dominga, propiedad de Andes Iron. A 14 d\u00edas del dictamen y a<br>una semana de cumplirse el plazo para que vuelva a sesionar<br>el Comit\u00e9 de Ministros, el Gobierno ejecut\u00f3 acciones antes<br>de que el Comit\u00e9 de Ministros vuelva a sesionar para tomar<br>una decisi\u00f3n sobre Dominga, lo que deber\u00eda ocurrir a m\u00e1s<br>tardar el pr\u00f3ximo lunes.<\/p>\n\n\n\n<p>SANTIAGO.- En l situaci\u00f3n, el Gobierno a\u00fan no entrega luces<br>respecto a si la instancia sesionar\u00e1 dentro del plazo<br>ordenado, y es que probablemente est\u00e1 a la espera de un<br>pronunciamiento de la Corte Suprema antes de ejecutar<br>cualquier decisi\u00f3n. De hecho, la,\u00faltima jornada, el Servicio<br>de Evaluaci\u00f3n Ambiental, SEA, anunci\u00f3 la presentaci\u00f3n de un<br>recurso de casaci\u00f3n ante el m\u00e1ximo tribunal con el fin de<br>anular el fallo del Tribunal Ambiental antofagastino.<\/p>\n\n\n\n<p>CURANILAHUE.- La mujer que denunci\u00f3 al exsubsecretario de<br>Interior Manuel Monsalve por violaci\u00f3n y abuso sexual se<br>encuentra en \u00abestado de inconsciencia\u00bb, luego de que el<br>domingo fuera hospitalizada de manera urgente en el Hospital<br>de Curanilahue, Regi\u00f3n del Biob\u00edo. En una declaraci\u00f3n<br>p\u00fablica, su familia y equipo legal indic\u00f3 que \u00abefectivamente<br>se encuentra internada en un recinto hospitalario,<br>actualmente en un estado de inconsciencia\u00bb.<\/p>\n\n\n\n<p>CURANILAHUE.-En el texto de la declraci\u00f3n se agrega que. \u00abPor<br>razones de privacidad no se divulgar\u00e1n detalles espec\u00edficos<br>sobre su condici\u00f3n m\u00e9dica\u00bb, y agregaron que \u00abesta es una<br>situaci\u00f3n de absoluta preocupaci\u00f3n para sus familiares,<br>cercanos y quienes la acompa\u00f1an en estos dif\u00edciles momentos,<br>por lo que hacemos un llamado a evitar la difusi\u00f3n de<br>informaci\u00f3n no verificada que pueda generar episodios de<br>revictimizaci\u00f3n secundaria\u00bb.<\/p>\n\n\n\n<p>CURANILAHUE.- El padre de la denunciante acudi\u00f3 al recinto<br>asistencial la \u00faltima jornada jornada, donde fue abordado por<br>la prensa. \u00abEstamos s\u00faper preocupados. Yo entiendo su<br>trabajo\u00bb, dijo a los periodistas, \u00abpero estamos muy<br>preocupados. No les puedo decir nada\u00bb. \u00abEnti\u00e9ndame a m\u00ed<br>tambi\u00e9n, y luego lo podremos hablar. Andamos muy afectados\u00bb,<br>reiter\u00f3 el hombre.<\/p>\n\n\n\n<p>IQUIQUE.- Carabineros que, con motivo de la Navidad, estaban<br>disfrazados de personajes como Batman, las Tortugas Ninja y<br>el propio Viejito Pascuero, detuvieron a dos hombres que se<br>enfrascaron en una ri\u00f1a en el sector sur de Iquique. La<br>peculiar caracterizaci\u00f3n de los uniformados se debi\u00f3 a que<br>recorr\u00edan la ciudad en el carro aleg\u00f3rico de la polic\u00eda, como<br>parte de una tradici\u00f3n navide\u00f1a de la capital de Tarapac\u00e1.<\/p>\n","protected":false},"excerpt":{"rendered":"<p>SANTIAGO.- El 9 de diciembre del presente a\u00f1o el TribunalAmbiental de Antofagasta anul\u00f3 el fallo del Comit\u00e9 deMinistros, revirtiendo el rechazo a la ejecuci\u00f3n del bulladoproyecto minero-portuario Dominga. Y en&#8230; <a class=\"read-more\" href=\"https:\/\/www.radiopresidenteibanez.cl\/web\/boletin-informativo-matinal-orbe-24\/\">Leer m\u00e1s<\/a><\/p>\n","protected":false},"author":2,"featured_media":53227,"comment_status":"closed","ping_status":"closed","sticky":false,"template":"","format":"standard","meta":{"footnotes":""},"categories":[1],"tags":[],"class_list":["post-53226","post","type-post","status-publish","format-standard","has-post-thumbnail","hentry","category-cronica"],"_links":{"self":[{"href":"https:\/\/www.radiopresidenteibanez.cl\/web\/wp-json\/wp\/v2\/posts\/53226","targetHints":{"allow":["GET"]}}],"collection":[{"href":"https:\/\/www.radiopresidenteibanez.cl\/web\/wp-json\/wp\/v2\/posts"}],"about":[{"href":"https:\/\/www.radiopresidenteibanez.cl\/web\/wp-json\/wp\/v2\/types\/post"}],"author":[{"embeddable":true,"href":"https:\/\/www.radiopresidenteibanez.cl\/web\/wp-json\/wp\/v2\/users\/2"}],"replies":[{"embeddable":true,"href":"https:\/\/www.radiopresidenteibanez.cl\/web\/wp-json\/wp\/v2\/comments?post=53226"}],"version-history":[{"count":0,"href":"https:\/\/www.radiopresidenteibanez.cl\/web\/wp-json\/wp\/v2\/posts\/53226\/revisions"}],"wp:featuredmedia":[{"embeddable":true,"href":"https:\/\/www.radiopresidenteibanez.cl\/web\/wp-json\/wp\/v2\/media\/53227"}],"wp:attachment":[{"href":"https:\/\/www.radiopresidenteibanez.cl\/web\/wp-json\/wp\/v2\/media?parent=53226"}],"wp:term":[{"taxonomy":"category","embeddable":true,"href":"https:\/\/www.radiopresidenteibanez.cl\/web\/wp-json\/wp\/v2\/categories?post=53226"},{"taxonomy":"post_tag","embeddable":true,"href":"https:\/\/www.radiopresidenteibanez.cl\/web\/wp-json\/wp\/v2\/tags?post=53226"}],"curies":[{"name":"wp","href":"https:\/\/api.w.org\/{rel}","templated":true}]}}