{"id":53223,"date":"2024-12-24T08:18:00","date_gmt":"2024-12-24T11:18:00","guid":{"rendered":"https:\/\/www.radiopresidenteibanez.cl\/web\/?p=53223"},"modified":"2024-12-24T08:05:33","modified_gmt":"2024-12-24T11:05:33","slug":"comenzo-el-proceso-de-matricula-en-salas-cuna-y-jardines-infantiles-de-integra-para-el-ano-parvulario-2025","status":"publish","type":"post","link":"https:\/\/www.radiopresidenteibanez.cl\/web\/comenzo-el-proceso-de-matricula-en-salas-cuna-y-jardines-infantiles-de-integra-para-el-ano-parvulario-2025\/","title":{"rendered":"Comenz\u00f3 el proceso de matr\u00edcula en salas cuna y jardines infantiles de Integra para el a\u00f1o parvulario 2025"},"content":{"rendered":"\n<p>Fundaci\u00f3n Integra informa que ya se encuentran disponibles los resultados del proceso de<br>postulaci\u00f3n a las salas cuna y jardines infantiles de la instituci\u00f3n a lo largo del pa\u00eds, a trav\u00e9s de la<br>plataforma habilitada en el sitio web www.integra.cl, con los mismos datos de acceso utilizados<br>para la postulaci\u00f3n. Adem\u00e1s, en caso de contar con un cupo asignado, ser\u00e1 informado por correo<br>electr\u00f3nico.<br>Desde el lunes 23 de diciembre hasta el 14 de enero, los equipos educativos contactar\u00e1n a las y<br>los apoderados para coordinar el d\u00eda y hora en que deber\u00e1n realizar la matr\u00edcula de forma<br>presencial, donde deber\u00e1n presentar la documentaci\u00f3n respectiva.<br>El director regional de Fundaci\u00f3n Integra, Alan Carrasco Concha, afirm\u00f3 que \u201cvaloramos y<br>agradecemos la participaci\u00f3n de las familias magall\u00e1nicas en este proceso, destacando la<br>importancia de que ni\u00f1as y ni\u00f1os asistan a las salas cuna y jardines infantiles de nuestra instituci\u00f3n<br>educativa, donde encontrar\u00e1n espacios amorosos y seguros para que aprendan jugando felices, en<br>alianza con las familias y comunidad, y con equipos comprometidos en su rol de garantes de<br>derechos de la ni\u00f1ez y agentes de cambio\u201d.<br>Los documentos que las familias deben presentar al momento de realizar la matr\u00edcula presencial<br>son los siguientes:<br>\uf0b7 Certificado de nacimiento del ni\u00f1o\/a (asignaci\u00f3n familiar)<br>\uf0b7 Cuaderno de Salud de ni\u00f1as y ni\u00f1os entre 0 y 9 a\u00f1os<br>\uf0b7 Cartola Hogar o Solicitud de Ingreso al Registro Social de Hogares (RHS)*<br>\uf0b7 Certificado de pertenencia al Subsistema Seguridad y Oportunidades o carta de<br>\u201cCompromiso \u00c9tico Familiar\u201d*<br>\uf0b7 Carta que acredite participaci\u00f3n en el \u201cPrograma Mujeres Trabajadoras Jefas de Hogar\u201d, el<br>cual emite cada municipio*<br>\uf0b7 Para las familias que postularon con un identificador provisorio a trav\u00e9s de la plataforma<br>de Postulaci\u00f3n, cuando se inicie el proceso de matr\u00edcula, el establecimiento gestionar\u00e1<\/p>\n\n\n\n<p>internamente con el Departamento de Cobertura Regional la obtenci\u00f3n de un IPE\/IPA para<br>realizar la ficha de matricula.<br>\uf0b7 Resoluci\u00f3n asociada a causa de protecci\u00f3n, cuando la ni\u00f1a o ni\u00f1o est\u00e9 en una situaci\u00f3n<br>judicializada o copia de la resoluci\u00f3n judicial que ordena su ingreso o cupo<\/p>\n\n\n\n<p><\/p>\n","protected":false},"excerpt":{"rendered":"<p>Fundaci\u00f3n Integra informa que ya se encuentran disponibles los resultados del proceso depostulaci\u00f3n a las salas cuna y jardines infantiles de la instituci\u00f3n a lo largo del pa\u00eds, a trav\u00e9s&#8230; <a class=\"read-more\" href=\"https:\/\/www.radiopresidenteibanez.cl\/web\/comenzo-el-proceso-de-matricula-en-salas-cuna-y-jardines-infantiles-de-integra-para-el-ano-parvulario-2025\/\">Leer m\u00e1s<\/a><\/p>\n","protected":false},"author":2,"featured_media":53224,"comment_status":"closed","ping_status":"closed","sticky":false,"template":"","format":"standard","meta":{"footnotes":""},"categories":[1],"tags":[],"class_list":["post-53223","post","type-post","status-publish","format-standard","has-post-thumbnail","hentry","category-cronica"],"_links":{"self":[{"href":"https:\/\/www.radiopresidenteibanez.cl\/web\/wp-json\/wp\/v2\/posts\/53223","targetHints":{"allow":["GET"]}}],"collection":[{"href":"https:\/\/www.radiopresidenteibanez.cl\/web\/wp-json\/wp\/v2\/posts"}],"about":[{"href":"https:\/\/www.radiopresidenteibanez.cl\/web\/wp-json\/wp\/v2\/types\/post"}],"author":[{"embeddable":true,"href":"https:\/\/www.radiopresidenteibanez.cl\/web\/wp-json\/wp\/v2\/users\/2"}],"replies":[{"embeddable":true,"href":"https:\/\/www.radiopresidenteibanez.cl\/web\/wp-json\/wp\/v2\/comments?post=53223"}],"version-history":[{"count":0,"href":"https:\/\/www.radiopresidenteibanez.cl\/web\/wp-json\/wp\/v2\/posts\/53223\/revisions"}],"wp:featuredmedia":[{"embeddable":true,"href":"https:\/\/www.radiopresidenteibanez.cl\/web\/wp-json\/wp\/v2\/media\/53224"}],"wp:attachment":[{"href":"https:\/\/www.radiopresidenteibanez.cl\/web\/wp-json\/wp\/v2\/media?parent=53223"}],"wp:term":[{"taxonomy":"category","embeddable":true,"href":"https:\/\/www.radiopresidenteibanez.cl\/web\/wp-json\/wp\/v2\/categories?post=53223"},{"taxonomy":"post_tag","embeddable":true,"href":"https:\/\/www.radiopresidenteibanez.cl\/web\/wp-json\/wp\/v2\/tags?post=53223"}],"curies":[{"name":"wp","href":"https:\/\/api.w.org\/{rel}","templated":true}]}}