{"id":53190,"date":"2024-12-22T09:50:00","date_gmt":"2024-12-22T12:50:00","guid":{"rendered":"https:\/\/www.radiopresidenteibanez.cl\/web\/?p=53190"},"modified":"2024-12-22T11:53:21","modified_gmt":"2024-12-22T14:53:21","slug":"boletin-informativo-orbe-15","status":"publish","type":"post","link":"https:\/\/www.radiopresidenteibanez.cl\/web\/boletin-informativo-orbe-15\/","title":{"rendered":"BOLETIN INFORMATIVO ORBE"},"content":{"rendered":"\n<p>SANTIAGO.- La Direcci\u00f3n Regional Metropolitana deL Servicio<br>Nacional de Prevenci\u00f3n y Respuesta ante Desastres, Senapred,<br>orden\u00f3 evacuar sectores habitados de Padre Hurtado, debido a<br>un incendio forestal que se registra en la zona. El organismo<br>detall\u00f3 que se trata de las Parcelaciones Tierra Calma, Los<br>Olivos, Los Corrales y Alto El Rosario, cuyos habitantes<br>fueron llamados a abandonar la zona producto de la cercan\u00eda<br>de las llamas.<\/p>\n\n\n\n<p>SANTIAGO.- Senapred detall\u00f3 que la evacuaci\u00f3n se lleva a cabo<br>con poyo de mensajer\u00eda SAE, a fin de poder informar a los<br>vecinos. Este siniestro se suma al que ocurre en la cuesta<br>Mallarauco, en la comuna de Melipilla, el cual tambi\u00e9n ha<br>obligado al despliegue de los equipos de emergencia. En<br>tanto, una gran nube de humo cubre a esta hora el cielo en<br>parte del sector poniente de la Regi\u00f3n Metropolitana,<br>producto de los incendios forestales en Padre Hurtado y<br>Melipilla.<\/p>\n\n\n\n<p>SANTIAGO.- Chile y Bolivia firmaron este viernes un hist\u00f3rico<br>acuerdo en materia de control migratorio y seguridad<br>fronteriza, un esfuerzo de cooperaci\u00f3n que trata<br>especialmente los casos de retorno o reingreso de personas<br>migrantes irregulares a ambos pa\u00edses. El pacto abarca tanto a<br>ciudadanos de Chile y Bolivia como de terceros pa\u00edses, y<br>establece nuevas medidas para gestionar el ingreso irregular<br>de personas a ambos territorios.<\/p>\n\n\n\n<p>SANTIAGO.- Asimismo, ambos Estados suscribieron convenios<br>orientados a combatir el contrabando y regular el tr\u00e1nsito de<br>habitantes en zonas lim\u00edtrofes.Bolivia no permit\u00eda el retorno<br>o reingreso de migrantes desde territorios ajenos, lo que<br>generaba un vac\u00edo en la gesti\u00f3n del flujo irregular de<br>migrantes. Con la entrada en vigencia del nuevo acuerdo,<br>tanto Chile como Bolivia se comprometen a aceptar el retorno<br>de sus ciudadanos y de migrantes de terceros pa\u00edses.<\/p>\n\n\n\n<p>SANTIAGO.- El canciller Alberto van Klaveren dio por cerrada<br>la \u00faltima pol\u00e9mica entre Chile y Argentina, causada por el<br>ministro de Econom\u00eda trasandino, Luis Caputo, al realizar<br>comentarios insultantes contra el Presidente Gabriel Boric.<br>\u00abCreo que el Presidente ya cerr\u00f3 el tema -muy adecuadamente,<br>por cierto-, y que no hay nada m\u00e1s que agregar\u00bb, se\u00f1al\u00f3 al<br>ser consultado por la prensa.<\/p>\n\n\n\n<p>SANTIAGO.- El titular de Relaciones Exteriores remarc\u00f3 que<br>\u00abobviamente esperamos que se recupere el tono de amistad, que<br>siempre ha existido entre los dos pa\u00edses: como lo dijo el<br>Presidente, &#8216;los presidentes pasan, y las instituciones y los<br>pueblos quedan&#8217;, y vamos a seguir relacion\u00e1ndonos con<br>Argentina de manera absolutamente normal\u00bb a pesar de estos<br>comentarios, que fueron replicados por el propio Javier<br>Milei.<\/p>\n\n\n\n<p>SANTIAGO.- Sin embargo, Van Klaveren admiti\u00f3 que \u00ablas<br>relaciones no pasan por el mejor momento, eso est\u00e1 muy claro.<br>Hay un intercambio que ha sido \u00e1spero, pero yo creo que puede<br>superarse perfectamente bien\u00bb. Adem\u00e1s, revel\u00f3 que el<br>embajador de Chile en Argentina, Jos\u00e9 Antonio Viera-Gallo,<br>estar\u00e1 en Chile durante las fiestas, periodo en el cual<br>probablemente se reunir\u00e1 con \u00e9l y con el Presidente, aunque<br>por ahora, se descart\u00f3 llamarlo a consulta debido a esta<br>controversia.<\/p>\n\n\n\n<p>SANTIAGO.- En tanto, la vocera Camila Vallejo asegur\u00f3 que el<br>gobierno no caer\u00e1 en la t\u00e1ctica de la \u00abdescalificaci\u00f3n\u00bb tras<br>las cr\u00edticas del presidente argentino, Javier Milei, al<br>Presidente Gabriel Boric, y de otros integrantes de su<br>gabinete.Sum\u00e1ndose a las palabras del Mandatario, que pidi\u00f3<br>\u00abhumildad\u00bb a su s\u00edmil argentino.<\/p>\n\n\n\n<p>SANTIAGO.- En ese sentido, Vallejo dijo que \u00aben las<br>relaciones entre presidentes que representan Estados, pa\u00edses,<br>pueblos, es fundamental siempre hablar en positivo, con<br>respeto, pero eso no significa tolerar los insultos, las<br>provocaciones ni las descalificaciones\u00bb. \u00abReiterar adem\u00e1s que<br>nuestra preocupaci\u00f3n fundamental es seguir trabajando por<br>nuestro pa\u00eds, que ha logrado reducir significativamente la<br>pobreza\u00bb, a\u00f1adi\u00f3.<\/p>\n\n\n\n<p>SANTIAGO.- La ministra recalc\u00f3 que \u00abnuestra tarea est\u00e1 en<br>eso, porque es lo que merecen nuestros compatriotas, un mejor<br>vivir y esa va a ser nuestra principal preocupaci\u00f3n, m\u00e1s que<br>estar cayendo o respondiendo a una t\u00e1ctica del bait, que es<br>una t\u00e1ctica de la odiosidad, la descalificaci\u00f3n, que creemos<br>que no aporta en la construcci\u00f3n ni de relaciones<br>diplom\u00e1ticas ni en la construcci\u00f3n de democracia\u00bb.<\/p>\n\n\n\n<p>SANTIAGO.- El ministro de Hacienda, Mario Marcel, mostr\u00f3<br>apertura a debatir la propuesta del empresarial de reducir el<br>impuesto corporativo del 27 al 23 por ciento, m\u00e1s all\u00e1 del 25<br>por ciento que puso sobre la mesa el Gobierno, aunque subray\u00f3<br>que para ello se requiere garantizar una \u00abcompensaci\u00f3n<br>fiscal\u00bb adecuada. El tema se expuso en el marco del seminario<br>\u00abVisi\u00f3n econ\u00f3mica 2024, c\u00f3mo crecer al 4 por ciento: del<br>diagn\u00f3stico a la acci\u00f3n\u00bb, organizado por la Sofofa.<\/p>\n\n\n\n<p>SANTIAGO.- En la ocasi\u00f3n, la presidenta de la Sociedad de<br>Fomento Fabril, Rosario Navarro, resalt\u00f3 la necesidad de<br>mejorar la competitividad tributaria de Chile. \u00abUn impuesto<br>de primera categor\u00eda de 27 por ciento es demasiado alto en el<br>contexto internacional e incluso en el contexto OCDE, con el<br>cual nos comparamos. Las empresas chilenas aportan en<br>impuestos de primera categor\u00eda el 17,1 por ciento de la<br>recaudaci\u00f3n total, entre las 5 econom\u00edas con m\u00e1s aporte<br>corporativo\u00bb, dijo.<\/p>\n\n\n\n<p>VALPARAISO.- El Comit\u00e9 Central del Frente Amplio confirm\u00f3 que<br>el abogado Roberto Celed\u00f3n, viudo de Mercedes Bulnes, ocupar\u00e1<br>el esca\u00f1o de la legisladora en la C\u00e1mara de Diputados en<br>representaci\u00f3n del Distrito 17, Regi\u00f3n del Maule. Celed\u00f3n fue<br>propuesto por la directiva nacional del Frente Amplio y su<br>nombre ratificado por el Comit\u00e9 Central.<\/p>\n\n\n\n<p>VALPARAISO.- En esa l\u00ednea, la presidenta del partido,<br>Constanza Martinez, se\u00f1al\u00f3 que \u00abnos pareci\u00f3 que \u00e9l re\u00fane las<br>mejores condiciones para ocupar el cargo, considerando la<br>necesidad de dar continuidad al trabajo parlamentario en la<br>regi\u00f3n, y la disposici\u00f3n a un trabajo conjunto\u00bb. \u00abPor su<br>trayectoria profesional y pol\u00edtica, especialmente en materia<br>de defensa de los derechos humanos, creemos que ser\u00e1 un<br>aporte significativo para nuestra bancada y para el Congreso<br>en general\u00bb, dijo.<\/p>\n","protected":false},"excerpt":{"rendered":"<p>SANTIAGO.- La Direcci\u00f3n Regional Metropolitana deL ServicioNacional de Prevenci\u00f3n y Respuesta ante Desastres, Senapred,orden\u00f3 evacuar sectores habitados de Padre Hurtado, debido aun incendio forestal que se registra en la zona&#8230;. <a class=\"read-more\" href=\"https:\/\/www.radiopresidenteibanez.cl\/web\/boletin-informativo-orbe-15\/\">Leer m\u00e1s<\/a><\/p>\n","protected":false},"author":2,"featured_media":53191,"comment_status":"closed","ping_status":"closed","sticky":false,"template":"","format":"standard","meta":{"footnotes":""},"categories":[1],"tags":[],"class_list":["post-53190","post","type-post","status-publish","format-standard","has-post-thumbnail","hentry","category-cronica"],"_links":{"self":[{"href":"https:\/\/www.radiopresidenteibanez.cl\/web\/wp-json\/wp\/v2\/posts\/53190","targetHints":{"allow":["GET"]}}],"collection":[{"href":"https:\/\/www.radiopresidenteibanez.cl\/web\/wp-json\/wp\/v2\/posts"}],"about":[{"href":"https:\/\/www.radiopresidenteibanez.cl\/web\/wp-json\/wp\/v2\/types\/post"}],"author":[{"embeddable":true,"href":"https:\/\/www.radiopresidenteibanez.cl\/web\/wp-json\/wp\/v2\/users\/2"}],"replies":[{"embeddable":true,"href":"https:\/\/www.radiopresidenteibanez.cl\/web\/wp-json\/wp\/v2\/comments?post=53190"}],"version-history":[{"count":0,"href":"https:\/\/www.radiopresidenteibanez.cl\/web\/wp-json\/wp\/v2\/posts\/53190\/revisions"}],"wp:featuredmedia":[{"embeddable":true,"href":"https:\/\/www.radiopresidenteibanez.cl\/web\/wp-json\/wp\/v2\/media\/53191"}],"wp:attachment":[{"href":"https:\/\/www.radiopresidenteibanez.cl\/web\/wp-json\/wp\/v2\/media?parent=53190"}],"wp:term":[{"taxonomy":"category","embeddable":true,"href":"https:\/\/www.radiopresidenteibanez.cl\/web\/wp-json\/wp\/v2\/categories?post=53190"},{"taxonomy":"post_tag","embeddable":true,"href":"https:\/\/www.radiopresidenteibanez.cl\/web\/wp-json\/wp\/v2\/tags?post=53190"}],"curies":[{"name":"wp","href":"https:\/\/api.w.org\/{rel}","templated":true}]}}