{"id":5319,"date":"2019-06-25T14:53:42","date_gmt":"2019-06-25T14:53:42","guid":{"rendered":"http:\/\/www.radiopresidenteibanez.cl\/web\/?p=5319"},"modified":"2019-06-25T14:53:58","modified_gmt":"2019-06-25T14:53:58","slug":"caida-de-fibra-optica-dejo-incomunicado-a-gran-parte-de-la-patagonia-chilena-argentina","status":"publish","type":"post","link":"https:\/\/www.radiopresidenteibanez.cl\/web\/caida-de-fibra-optica-dejo-incomunicado-a-gran-parte-de-la-patagonia-chilena-argentina\/","title":{"rendered":"CA\u00cdDA DE FIBRA \u00d3PTICA DEJO INCOMUNICADO A GRAN PARTE DE LA PATAGONIA CHILENA \u2013 ARGENTINA"},"content":{"rendered":"\n<p>Pasadas las 23:00 horas los celulares\ny equipos de internet, dejaron de funcionar en todo Magallanes y parte de la Patagonia\nArgentina, hasta cerca de las 09:00 horas de este martes, esto debido por la ca\u00edda\nde la fibra \u00f3ptica que viene proveniente desde el vecino pa\u00eds.<\/p>\n\n\n\n<p>Wom, Movistar, Entel, Claro, entre\notras, fueron las compa\u00f1\u00edas que se vieron afectadas por la ca\u00edda de la se\u00f1al,\nante esto sin duda que pone urgencia a la instalaci\u00f3n de la fibra \u00f3ptica austral\nen Chile, sobre todo en el extremo sur los cuales quedaron incomunicados en su\ntotalidad, y tan solo funcionaban algunos tel\u00e9fonos fijos.<\/p>\n\n\n\n<p>Medios trasandinos comentaban\ndurante la ma\u00f1ana que el corte se dio en la zona de Fitz Roy, Argentina, la\ncual afecto a Telef\u00f3nica, Telecom y Claro, as\u00ed tambi\u00e9n que R\u00edo Gallegos se\nencontraba incomunicado, a eso se sumo que se encontraba cortada la fibra de\nArsat. <\/p>\n\n\n\n<p>No es primera vez que ocurre dicha situaci\u00f3n, por esto que desde Argentina creen que se podr\u00eda tratar de un sabotaje, que sin duda dejo incomunicado a miles de personas.<\/p>\n\n\n\n<p>Fuente: <a href=\"http:\/\/estacionsur.webradiosite.com\">estacionsur.webradiosite.com<\/a><\/p>\n\n\n\n<figure class=\"wp-block-image\"><img loading=\"lazy\" decoding=\"async\" width=\"800\" height=\"450\" src=\"https:\/\/www.radiopresidenteibanez.cl\/web\/wp-content\/uploads\/2019\/06\/nino_con_lentes_gritando_frente_a_una_computadora_portatil.jpg\" alt=\"\" class=\"wp-image-5320\" srcset=\"https:\/\/www.radiopresidenteibanez.cl\/web\/wp-content\/uploads\/2019\/06\/nino_con_lentes_gritando_frente_a_una_computadora_portatil.jpg 800w, https:\/\/www.radiopresidenteibanez.cl\/web\/wp-content\/uploads\/2019\/06\/nino_con_lentes_gritando_frente_a_una_computadora_portatil-300x169.jpg 300w, https:\/\/www.radiopresidenteibanez.cl\/web\/wp-content\/uploads\/2019\/06\/nino_con_lentes_gritando_frente_a_una_computadora_portatil-768x432.jpg 768w\" sizes=\"auto, (max-width: 800px) 100vw, 800px\" \/><\/figure>\n","protected":false},"excerpt":{"rendered":"<p>Pasadas las 23:00 horas los celulares y equipos de internet, dejaron de funcionar en todo Magallanes y parte de la Patagonia Argentina, hasta cerca de las 09:00 horas de este&#8230; <a class=\"read-more\" href=\"https:\/\/www.radiopresidenteibanez.cl\/web\/caida-de-fibra-optica-dejo-incomunicado-a-gran-parte-de-la-patagonia-chilena-argentina\/\">Leer m\u00e1s<\/a><\/p>\n","protected":false},"author":2,"featured_media":5320,"comment_status":"closed","ping_status":"closed","sticky":false,"template":"","format":"standard","meta":{"footnotes":""},"categories":[1],"tags":[],"class_list":["post-5319","post","type-post","status-publish","format-standard","has-post-thumbnail","hentry","category-cronica"],"_links":{"self":[{"href":"https:\/\/www.radiopresidenteibanez.cl\/web\/wp-json\/wp\/v2\/posts\/5319","targetHints":{"allow":["GET"]}}],"collection":[{"href":"https:\/\/www.radiopresidenteibanez.cl\/web\/wp-json\/wp\/v2\/posts"}],"about":[{"href":"https:\/\/www.radiopresidenteibanez.cl\/web\/wp-json\/wp\/v2\/types\/post"}],"author":[{"embeddable":true,"href":"https:\/\/www.radiopresidenteibanez.cl\/web\/wp-json\/wp\/v2\/users\/2"}],"replies":[{"embeddable":true,"href":"https:\/\/www.radiopresidenteibanez.cl\/web\/wp-json\/wp\/v2\/comments?post=5319"}],"version-history":[{"count":0,"href":"https:\/\/www.radiopresidenteibanez.cl\/web\/wp-json\/wp\/v2\/posts\/5319\/revisions"}],"wp:featuredmedia":[{"embeddable":true,"href":"https:\/\/www.radiopresidenteibanez.cl\/web\/wp-json\/wp\/v2\/media\/5320"}],"wp:attachment":[{"href":"https:\/\/www.radiopresidenteibanez.cl\/web\/wp-json\/wp\/v2\/media?parent=5319"}],"wp:term":[{"taxonomy":"category","embeddable":true,"href":"https:\/\/www.radiopresidenteibanez.cl\/web\/wp-json\/wp\/v2\/categories?post=5319"},{"taxonomy":"post_tag","embeddable":true,"href":"https:\/\/www.radiopresidenteibanez.cl\/web\/wp-json\/wp\/v2\/tags?post=5319"}],"curies":[{"name":"wp","href":"https:\/\/api.w.org\/{rel}","templated":true}]}}