{"id":53181,"date":"2024-12-22T11:44:26","date_gmt":"2024-12-22T14:44:26","guid":{"rendered":"https:\/\/www.radiopresidenteibanez.cl\/web\/?p=53181"},"modified":"2024-12-22T11:44:36","modified_gmt":"2024-12-22T14:44:36","slug":"parque-del-estrecho-despide-el-2024-y-recibe-el-nuevo-ano-con-exposicion-fotografica-y-horarios-especiales-para-estas-fiestas","status":"publish","type":"post","link":"https:\/\/www.radiopresidenteibanez.cl\/web\/parque-del-estrecho-despide-el-2024-y-recibe-el-nuevo-ano-con-exposicion-fotografica-y-horarios-especiales-para-estas-fiestas\/","title":{"rendered":"Parque del Estrecho despide el 2024 y recibe el nuevo a\u00f1o con exposici\u00f3n fotogr\u00e1fica y horarios especiales para estas fiestas"},"content":{"rendered":"\n<p>El Parque del Estrecho de Magallanes inaugur\u00f3 la<br>exposici\u00f3n fotogr\u00e1fica de la Corporaci\u00f3n Regional de Magallanes y de la Ant\u00e1rtica<br>Chilena, CORMAG, titulada&nbsp;\u201cUn recorrido por el Tiempo\u201d.<br>La muestra, compuesta por una colecci\u00f3n \u00fanica de im\u00e1genes que retratan momentos<br>hist\u00f3ricos y la vida productiva de Magallanes, busca conectar a los visitantes con el<br>pasado, presente y futuro de la regi\u00f3n.<br>\u201cEstamos muy contentos de llevar nuestra exposici\u00f3n de fotograf\u00eda, denominada \u2018Un<br>recorrido por el Tiempo\u2019, al sal\u00f3n de exhibici\u00f3n m\u00e1s austral de nuestro continente,<br>aqu\u00ed en la regi\u00f3n de Magallanes, en el Parque del Estrecho. Nuestros socios nos han<br>regalado momentos hist\u00f3ricos y queremos compartirlos a trav\u00e9s de estas piezas<br>gr\u00e1ficas que est\u00e1n en este lugar de exhibici\u00f3n, as\u00ed que los invitamos a que puedan venir<br>junto a la familia. Los m\u00e1s grandes podr\u00e1n recordar, y los m\u00e1s j\u00f3venes, conocer gran<br>parte de la historia de Magallanes en el \u00e1mbito social, econ\u00f3mico y de desarrollo\u201d,<br>explic\u00f3&nbsp;Yenny Oyarzo, gerente general de CORMAG.<br>En tanto, el presidente de la Sociedad de Escritores de Magallanes,&nbsp;V\u00edctor Hern\u00e1ndez,<br>destac\u00f3 la importancia de este evento en un lugar tan emblem\u00e1tico como Fuerte<br>Bulnes. \u201cCreo que es una oportunidad \u00fanica de que, en este punto hist\u00f3rico tan<br>significativo, se pueda incorporar esta muestra que da cuenta de la vida productiva y<br>su historia aqu\u00ed en Magallanes, y que sea precisamente aqu\u00ed en su punto de origen,<br>que es Fuerte Bulnes, hoy Parque del Estrecho\u201d, puntualiz\u00f3.<br>Por su parte, el&nbsp;Seremi de Vivienda y Urbanismo de Magallanes, Marco Uribe, se\u00f1al\u00f3<br>que \u201cla instancia a la cual nos invita CORMAG en el Parque del Estrecho me parece<br>muy fruct\u00edfera. Podemos visitar un lugar propio de la regi\u00f3n, activar el turismo y<br>generar conocimiento para las nuevas generaciones. Tambi\u00e9n es una oportunidad para<br>dar a conocer espacios en nuestra regi\u00f3n donde se puede compartir, aprender y<br>expresarse\u201d.<br>Asimismo, la&nbsp;gerente general del Parque del Estrecho, Ximena Castro, resalt\u00f3 el<br>significado de esta exposici\u00f3n para la misi\u00f3n del Parque del Estrecho. \u00abPara nosotros,<br>este proyecto es sumamente significado, ya que somos un espacio dedicado a<br>promover el patrimonio, la ciencia y la naturaleza. En este caso, colaborar con la<br>CORMAG nos permite destacar y difundir el patrimonio cultural de nuestra regi\u00f3n, un<br>legado que, adem\u00e1s de hist\u00f3rico, es muy actual. Con esta exposici\u00f3n, buscamos llevar<br>ese patrimonio no solo a la comunidad magall\u00e1nica, sino tambi\u00e9n a visitantes de todo<br>Chile y del extranjero, contribuyendo a conectar a m\u00e1s personas con nuestra riqueza<br>cultural\u201d.<br>La muestra estar\u00e1 abierta hasta el 14 de enero, todos los dias entre las 10:00 y las<br>19:00 horas.<\/p>\n\n\n\n<p>Horarios especiales en v\u00edsperas y festivos<br>Finalmente, el Parque del Estrecho inform\u00f3 que estar\u00e1 abierto con horarios especiales<br>durante las pr\u00f3ximas festividades. El 24 de diciembre la apertura ser\u00e1 entre las 09:00 y<br>las 17:30&nbsp;horas y el 31 de diciembre entre las 10:00 y las 17:30 horas.<br>Mientras que el 25 de diciembre&nbsp;y&nbsp;el 1 de enero de&nbsp;11:30 a 19:00&nbsp;horas.<br>\u201cInvitamos a toda la comunidad y a los visitantes a disfrutar de esta experiencia \u00fanica,<br>ideal para comenzar el a\u00f1o de una manera distinta, rodeados de historia, naturaleza y<br>cultura en uno de los puntos m\u00e1s australes del mundo\u201d, explic\u00f3 la gerente general del<br>parque Ximena Castro.<\/p>\n","protected":false},"excerpt":{"rendered":"<p>El Parque del Estrecho de Magallanes inaugur\u00f3 laexposici\u00f3n fotogr\u00e1fica de la Corporaci\u00f3n Regional de Magallanes y de la Ant\u00e1rticaChilena, CORMAG, titulada&nbsp;\u201cUn recorrido por el Tiempo\u201d.La muestra, compuesta por una colecci\u00f3n&#8230; <a class=\"read-more\" href=\"https:\/\/www.radiopresidenteibanez.cl\/web\/parque-del-estrecho-despide-el-2024-y-recibe-el-nuevo-ano-con-exposicion-fotografica-y-horarios-especiales-para-estas-fiestas\/\">Leer m\u00e1s<\/a><\/p>\n","protected":false},"author":2,"featured_media":53182,"comment_status":"closed","ping_status":"closed","sticky":false,"template":"","format":"standard","meta":{"footnotes":""},"categories":[1],"tags":[],"class_list":["post-53181","post","type-post","status-publish","format-standard","has-post-thumbnail","hentry","category-cronica"],"_links":{"self":[{"href":"https:\/\/www.radiopresidenteibanez.cl\/web\/wp-json\/wp\/v2\/posts\/53181","targetHints":{"allow":["GET"]}}],"collection":[{"href":"https:\/\/www.radiopresidenteibanez.cl\/web\/wp-json\/wp\/v2\/posts"}],"about":[{"href":"https:\/\/www.radiopresidenteibanez.cl\/web\/wp-json\/wp\/v2\/types\/post"}],"author":[{"embeddable":true,"href":"https:\/\/www.radiopresidenteibanez.cl\/web\/wp-json\/wp\/v2\/users\/2"}],"replies":[{"embeddable":true,"href":"https:\/\/www.radiopresidenteibanez.cl\/web\/wp-json\/wp\/v2\/comments?post=53181"}],"version-history":[{"count":0,"href":"https:\/\/www.radiopresidenteibanez.cl\/web\/wp-json\/wp\/v2\/posts\/53181\/revisions"}],"wp:featuredmedia":[{"embeddable":true,"href":"https:\/\/www.radiopresidenteibanez.cl\/web\/wp-json\/wp\/v2\/media\/53182"}],"wp:attachment":[{"href":"https:\/\/www.radiopresidenteibanez.cl\/web\/wp-json\/wp\/v2\/media?parent=53181"}],"wp:term":[{"taxonomy":"category","embeddable":true,"href":"https:\/\/www.radiopresidenteibanez.cl\/web\/wp-json\/wp\/v2\/categories?post=53181"},{"taxonomy":"post_tag","embeddable":true,"href":"https:\/\/www.radiopresidenteibanez.cl\/web\/wp-json\/wp\/v2\/tags?post=53181"}],"curies":[{"name":"wp","href":"https:\/\/api.w.org\/{rel}","templated":true}]}}