{"id":53171,"date":"2024-12-20T16:49:00","date_gmt":"2024-12-20T19:49:00","guid":{"rendered":"https:\/\/www.radiopresidenteibanez.cl\/web\/?p=53171"},"modified":"2024-12-20T11:35:15","modified_gmt":"2024-12-20T14:35:15","slug":"seremi-de-educacion-presento-proyecto-de-ley-de-deuda-historica-a-profesores-jubilados","status":"publish","type":"post","link":"https:\/\/www.radiopresidenteibanez.cl\/web\/seremi-de-educacion-presento-proyecto-de-ley-de-deuda-historica-a-profesores-jubilados\/","title":{"rendered":"Seremi de Educaci\u00f3n present\u00f3 Proyecto de Ley de Deuda Hist\u00f3rica a Profesores Jubilados"},"content":{"rendered":"\n<p>En el Sal\u00f3n Gabriela Mistral de la Secretar\u00eda Regional Ministerial de Educaci\u00f3n, se desarroll\u00f3 ayer martes un encuentro entre el seremi de Educaci\u00f3n, Valent\u00edn Aguilera G\u00f3mez, y los representantes del Departamento de Profesores y Profesoras Jubiladas del Colegio Regional de Profesores y Profesoras, con el objetivo de presentarles el proyecto de ley de Deuda Hist\u00f3rica, uno de los compromisos del Gobierno del Presidente Gabriel Boric al iniciar su mandato.<\/p>\n\n\n\n<p>\u201cEste es un acto de justicia largamente esperado. Cumplir con la Deuda Hist\u00f3rica es el reconocimiento al sacrificio y persistencia de miles de docentes y familias, que vieron perjudicada de forma directa su calidad de vida durante la dictadura c\u00edvico militar. Ha sido una conversaci\u00f3n honesta y muy positiva con las maestras y maestros jubilados en la que les hemos dado a conocer los detalles de este proyecto de ley que se est\u00e1 tramitando en el Congreso\u201d, se\u00f1al\u00f3 el seremi de Educaci\u00f3n, Valent\u00edn Aguilera G\u00f3mez.<\/p>\n\n\n\n<p>La propuesta de reparaci\u00f3n del Ministerio de Educaci\u00f3n (Mineduc) contempla un pago de 4 millones 500 mil pesos a cada docente afectado vivo, reajustable y progresivo, abarcando al universo total de docentes en un plazo de seis a\u00f1os, partiendo por el grupo de mayor edad para continuar con los profesores de menor edad. El pago se har\u00eda efectivo en dos cuotas, la primera a pagarse en octubre del a\u00f1o correspondiente a cada persona y la segunda en el mes de enero del a\u00f1o siguiente.<\/p>\n\n\n\n<p>Frente a esta iniciativa, el Colegio de Profesores y Profesoras organiz\u00f3 una consulta p\u00fablica directamente a las y los docentes afectados por la Deuda Hist\u00f3rica, la que se llev\u00f3 a cabo los d\u00edas 28 y 29 de octubre de 2024. En ella, existi\u00f3 una contundente participaci\u00f3n de 27.211 personas, de las cuales un 82,04% se manifest\u00f3 a favor de aceptar la propuesta presentada por el Gobierno.<\/p>\n\n\n\n<p>La presidenta del Departamento de Profesoras y Profesores Jubilados de Magallanes, Marcia Trivi\u00f1o Marais, quien estuvo presente en la reuni\u00f3n con el seremi de Educaci\u00f3n, valor\u00f3 el esfuerzo que se est\u00e1 realizando para reparar a las y los docentes. \u201cFue muy agradable, muy grato compartir con don Valent\u00edn quien pudo explicarnos y darnos detalles de lo que es el proyecto y ojal\u00e1 que a los colegas les haya quedado claro y les ayude para solucionar sus problemas. Sin querer ser negativa, debo decir que el proyecto tiene sus fallas, pero esperamos que sea mejorado en el Congreso y resulte\u201d, manifest\u00f3 la dirigenta del gremio.<\/p>\n\n\n\n<p>En caso de aprobarse por el Poder Legislativo, esta ley beneficiar\u00eda a m\u00e1s de 57 mil docentes afectados que est\u00e1n en las bases de datos del Mineduc. Sin embargo, luego de la aprobaci\u00f3n se abrir\u00eda un nuevo periodo para que otros profesores que no est\u00e9n en ese listado puedan presentar sus antecedentes. Cabe destacar que el proyecto considera la transmisibilidad en caso de que los titulares de la soluci\u00f3n fallezcan.<\/p>\n","protected":false},"excerpt":{"rendered":"<p>En el Sal\u00f3n Gabriela Mistral de la Secretar\u00eda Regional Ministerial de Educaci\u00f3n, se desarroll\u00f3 ayer martes un encuentro entre el seremi de Educaci\u00f3n, Valent\u00edn Aguilera G\u00f3mez, y los representantes del&#8230; <a class=\"read-more\" href=\"https:\/\/www.radiopresidenteibanez.cl\/web\/seremi-de-educacion-presento-proyecto-de-ley-de-deuda-historica-a-profesores-jubilados\/\">Leer m\u00e1s<\/a><\/p>\n","protected":false},"author":2,"featured_media":53172,"comment_status":"closed","ping_status":"closed","sticky":false,"template":"","format":"standard","meta":{"footnotes":""},"categories":[1],"tags":[],"class_list":["post-53171","post","type-post","status-publish","format-standard","has-post-thumbnail","hentry","category-cronica"],"_links":{"self":[{"href":"https:\/\/www.radiopresidenteibanez.cl\/web\/wp-json\/wp\/v2\/posts\/53171","targetHints":{"allow":["GET"]}}],"collection":[{"href":"https:\/\/www.radiopresidenteibanez.cl\/web\/wp-json\/wp\/v2\/posts"}],"about":[{"href":"https:\/\/www.radiopresidenteibanez.cl\/web\/wp-json\/wp\/v2\/types\/post"}],"author":[{"embeddable":true,"href":"https:\/\/www.radiopresidenteibanez.cl\/web\/wp-json\/wp\/v2\/users\/2"}],"replies":[{"embeddable":true,"href":"https:\/\/www.radiopresidenteibanez.cl\/web\/wp-json\/wp\/v2\/comments?post=53171"}],"version-history":[{"count":0,"href":"https:\/\/www.radiopresidenteibanez.cl\/web\/wp-json\/wp\/v2\/posts\/53171\/revisions"}],"wp:featuredmedia":[{"embeddable":true,"href":"https:\/\/www.radiopresidenteibanez.cl\/web\/wp-json\/wp\/v2\/media\/53172"}],"wp:attachment":[{"href":"https:\/\/www.radiopresidenteibanez.cl\/web\/wp-json\/wp\/v2\/media?parent=53171"}],"wp:term":[{"taxonomy":"category","embeddable":true,"href":"https:\/\/www.radiopresidenteibanez.cl\/web\/wp-json\/wp\/v2\/categories?post=53171"},{"taxonomy":"post_tag","embeddable":true,"href":"https:\/\/www.radiopresidenteibanez.cl\/web\/wp-json\/wp\/v2\/tags?post=53171"}],"curies":[{"name":"wp","href":"https:\/\/api.w.org\/{rel}","templated":true}]}}