{"id":5317,"date":"2019-06-24T14:16:56","date_gmt":"2019-06-24T14:16:56","guid":{"rendered":"http:\/\/www.radiopresidenteibanez.cl\/web\/?p=5317"},"modified":"2019-06-24T14:17:20","modified_gmt":"2019-06-24T14:17:20","slug":"electronica-y-electricidad-las-especialidades-que-cerraria-la-cormupa-en-el-liceo-industrial-de-punta-arenas","status":"publish","type":"post","link":"https:\/\/www.radiopresidenteibanez.cl\/web\/electronica-y-electricidad-las-especialidades-que-cerraria-la-cormupa-en-el-liceo-industrial-de-punta-arenas\/","title":{"rendered":"ELECTR\u00d3NICA Y ELECTRICIDAD, LAS ESPECIALIDADES QUE CERRAR\u00cdA LA CORMUPA EN EL LICEO INDUSTRIAL DE PUNTA ARENAS"},"content":{"rendered":"\n<p>Indignaci\u00f3n provoca entre algunos docentes, alumnado, padres y apoderados e incluso ex estudiantes, la posibilidad que propuso la Corporaci\u00f3n Municipal de Punta Arenas (CORMUPA), de cerrar las especialidades de electr\u00f3nica y electricidad en el Liceo Industrial Armando Quezada Acharan de la capital regional.<\/p>\n\n\n\n<p>Por lo anterior es que el Centro de Padres y Apoderados del establecimiento, har\u00eda llegar una carta a la Corporaci\u00f3n Municipal, en la que presentar\u00edan su rechazo total al inminente cierre de las especialidades antes mencionadas.<\/p>\n\n\n\n<p>Cabe mencionar que a\u00fan existen estudiantes que se encuentran cursando electr\u00f3nica y electricidad, es m\u00e1s alumnos\/as manifiestan que algunos directivos del liceo, los habr\u00edan incitados a que no se inscriban en dichas carreras ya que ser\u00e1n cerradas.<\/p>\n\n\n\n<p>Hasta el momento tanto Cormupa como el establecimiento aludido, no han entregado declaraciones por dicha situaci\u00f3n.<\/p>\n\n\n\n<p>Fuente: <a href=\"http:\/\/www.estacionsur.webradiosite.com\">www.estacionsur.webradiosite.com<\/a><\/p>\n\n\n\n<figure class=\"wp-block-image\"><img loading=\"lazy\" decoding=\"async\" width=\"1024\" height=\"741\" src=\"http:\/\/www.radiopresidenteibanez.cl\/web\/wp-content\/uploads\/2019\/05\/INSPRIFRONTIS_LICEO-1024x741.jpg\" alt=\"\" class=\"wp-image-4000\" srcset=\"https:\/\/www.radiopresidenteibanez.cl\/web\/wp-content\/uploads\/2019\/05\/INSPRIFRONTIS_LICEO-1024x741.jpg 1024w, https:\/\/www.radiopresidenteibanez.cl\/web\/wp-content\/uploads\/2019\/05\/INSPRIFRONTIS_LICEO-300x217.jpg 300w, https:\/\/www.radiopresidenteibanez.cl\/web\/wp-content\/uploads\/2019\/05\/INSPRIFRONTIS_LICEO-768x555.jpg 768w, https:\/\/www.radiopresidenteibanez.cl\/web\/wp-content\/uploads\/2019\/05\/INSPRIFRONTIS_LICEO.jpg 1030w\" sizes=\"auto, (max-width: 1024px) 100vw, 1024px\" \/><\/figure>\n","protected":false},"excerpt":{"rendered":"<p>Indignaci\u00f3n provoca entre algunos docentes, alumnado, padres y apoderados e incluso ex estudiantes, la posibilidad que propuso la Corporaci\u00f3n Municipal de Punta Arenas (CORMUPA), de cerrar las especialidades de electr\u00f3nica&#8230; <a class=\"read-more\" href=\"https:\/\/www.radiopresidenteibanez.cl\/web\/electronica-y-electricidad-las-especialidades-que-cerraria-la-cormupa-en-el-liceo-industrial-de-punta-arenas\/\">Leer m\u00e1s<\/a><\/p>\n","protected":false},"author":2,"featured_media":4000,"comment_status":"closed","ping_status":"closed","sticky":false,"template":"","format":"standard","meta":{"footnotes":""},"categories":[1],"tags":[],"class_list":["post-5317","post","type-post","status-publish","format-standard","has-post-thumbnail","hentry","category-cronica"],"_links":{"self":[{"href":"https:\/\/www.radiopresidenteibanez.cl\/web\/wp-json\/wp\/v2\/posts\/5317","targetHints":{"allow":["GET"]}}],"collection":[{"href":"https:\/\/www.radiopresidenteibanez.cl\/web\/wp-json\/wp\/v2\/posts"}],"about":[{"href":"https:\/\/www.radiopresidenteibanez.cl\/web\/wp-json\/wp\/v2\/types\/post"}],"author":[{"embeddable":true,"href":"https:\/\/www.radiopresidenteibanez.cl\/web\/wp-json\/wp\/v2\/users\/2"}],"replies":[{"embeddable":true,"href":"https:\/\/www.radiopresidenteibanez.cl\/web\/wp-json\/wp\/v2\/comments?post=5317"}],"version-history":[{"count":0,"href":"https:\/\/www.radiopresidenteibanez.cl\/web\/wp-json\/wp\/v2\/posts\/5317\/revisions"}],"wp:featuredmedia":[{"embeddable":true,"href":"https:\/\/www.radiopresidenteibanez.cl\/web\/wp-json\/wp\/v2\/media\/4000"}],"wp:attachment":[{"href":"https:\/\/www.radiopresidenteibanez.cl\/web\/wp-json\/wp\/v2\/media?parent=5317"}],"wp:term":[{"taxonomy":"category","embeddable":true,"href":"https:\/\/www.radiopresidenteibanez.cl\/web\/wp-json\/wp\/v2\/categories?post=5317"},{"taxonomy":"post_tag","embeddable":true,"href":"https:\/\/www.radiopresidenteibanez.cl\/web\/wp-json\/wp\/v2\/tags?post=5317"}],"curies":[{"name":"wp","href":"https:\/\/api.w.org\/{rel}","templated":true}]}}