{"id":53168,"date":"2024-12-20T15:26:00","date_gmt":"2024-12-20T18:26:00","guid":{"rendered":"https:\/\/www.radiopresidenteibanez.cl\/web\/?p=53168"},"modified":"2024-12-20T11:28:51","modified_gmt":"2024-12-20T14:28:51","slug":"familias-conocieron-la-vivienda-piloto-del-proyecto-lomas-del-bosque-5","status":"publish","type":"post","link":"https:\/\/www.radiopresidenteibanez.cl\/web\/familias-conocieron-la-vivienda-piloto-del-proyecto-lomas-del-bosque-5\/","title":{"rendered":"Familias conocieron la vivienda piloto del proyecto Lomas del Bosque 5"},"content":{"rendered":"\n<p>En el marco de las actividades del Plan de Habilitaci\u00f3n Social que contemplan los proyectos habitacionales del Ministerio de Vivienda y Urbanismo (Minvu), este jueves 47 familias de Punta Arenas visitaron la casa piloto del proyecto Lomas del Bosque 5.<\/p>\n\n\n\n<p>El proyecto tiene un 70 por ciento de avance y considera viviendas de 58m2, independientes de dos pisos, con piso flotante en living, comedor, pasillos y en los tres dormitorios, m\u00e1s cer\u00e1mica en cocina y ba\u00f1o. Cuentan con aislaci\u00f3n t\u00e9rmica en muros y cubierta, ventanas de termopanel, calefacci\u00f3n central con caldera multiprop\u00f3sito y tres radiadores.<\/p>\n\n\n\n<p>\u201cAcompa\u00f1amos a las familias en la visita a la casa piloto. Hubo muchas caras alegres y tambi\u00e9n ansiedad de poder habitar sus viviendas, as\u00ed que muy contentos de seguir avanzando\u201d, destac\u00f3 el seremi del Minvu,&nbsp;<strong>Marco Uribe Saldivia<\/strong>, agregando que \u201ctenemos 2.323 viviendas en ejecuci\u00f3n, ya hemos entregado cerca de 2.300 y dejaremos otras 1.200 en construcci\u00f3n gracias al Plan de Emergencia Habitacional, que ha demostrado ser una buena pol\u00edtica del gobierno del Presidente Gabriel Boric\u201d.<\/p>\n\n\n\n<p><a>El proyecto tiene una inversi\u00f3n de casi 4.330 millones de pesos, financiados por el Minvu y con aportes del Gobierno Regional y las familias con sus ahorros. Se ejecuta en el sector norponiente de la ciudad<\/a>, a 100 metros sobre la Avenida Frei Montalva, entre Enrique Abello y Los Flamencos.<\/p>\n\n\n\n<p>\u201cEste es un proyecto que inici\u00f3 obras en abril y ya lleva un 70 por ciento de avance.&nbsp;Son viviendas con tres dormitorios y terminaciones en piso flotante, adem\u00e1s de ba\u00f1o y cocina equipadas con artefactos, cer\u00e1mica y una caldera para calefacci\u00f3n central. Esta visita es&nbsp;para que vean c\u00f3mo ser\u00e1 la vivienda que recibir\u00e1n, y luego vienen otras actividades, como la elecci\u00f3n de la casa, la preentrega para que revisen los detalles y, finalmente, la inauguraci\u00f3n del conjunto\u201d, indic\u00f3 el director (s) del Serviu,&nbsp;<strong>Omar Gonz\u00e1lez Asenjo<\/strong>.<\/p>\n","protected":false},"excerpt":{"rendered":"<p>En el marco de las actividades del Plan de Habilitaci\u00f3n Social que contemplan los proyectos habitacionales del Ministerio de Vivienda y Urbanismo (Minvu), este jueves 47 familias de Punta Arenas&#8230; <a class=\"read-more\" href=\"https:\/\/www.radiopresidenteibanez.cl\/web\/familias-conocieron-la-vivienda-piloto-del-proyecto-lomas-del-bosque-5\/\">Leer m\u00e1s<\/a><\/p>\n","protected":false},"author":2,"featured_media":53169,"comment_status":"closed","ping_status":"closed","sticky":false,"template":"","format":"standard","meta":{"footnotes":""},"categories":[1],"tags":[],"class_list":["post-53168","post","type-post","status-publish","format-standard","has-post-thumbnail","hentry","category-cronica"],"_links":{"self":[{"href":"https:\/\/www.radiopresidenteibanez.cl\/web\/wp-json\/wp\/v2\/posts\/53168","targetHints":{"allow":["GET"]}}],"collection":[{"href":"https:\/\/www.radiopresidenteibanez.cl\/web\/wp-json\/wp\/v2\/posts"}],"about":[{"href":"https:\/\/www.radiopresidenteibanez.cl\/web\/wp-json\/wp\/v2\/types\/post"}],"author":[{"embeddable":true,"href":"https:\/\/www.radiopresidenteibanez.cl\/web\/wp-json\/wp\/v2\/users\/2"}],"replies":[{"embeddable":true,"href":"https:\/\/www.radiopresidenteibanez.cl\/web\/wp-json\/wp\/v2\/comments?post=53168"}],"version-history":[{"count":0,"href":"https:\/\/www.radiopresidenteibanez.cl\/web\/wp-json\/wp\/v2\/posts\/53168\/revisions"}],"wp:featuredmedia":[{"embeddable":true,"href":"https:\/\/www.radiopresidenteibanez.cl\/web\/wp-json\/wp\/v2\/media\/53169"}],"wp:attachment":[{"href":"https:\/\/www.radiopresidenteibanez.cl\/web\/wp-json\/wp\/v2\/media?parent=53168"}],"wp:term":[{"taxonomy":"category","embeddable":true,"href":"https:\/\/www.radiopresidenteibanez.cl\/web\/wp-json\/wp\/v2\/categories?post=53168"},{"taxonomy":"post_tag","embeddable":true,"href":"https:\/\/www.radiopresidenteibanez.cl\/web\/wp-json\/wp\/v2\/tags?post=53168"}],"curies":[{"name":"wp","href":"https:\/\/api.w.org\/{rel}","templated":true}]}}