{"id":5315,"date":"2019-06-24T11:58:04","date_gmt":"2019-06-24T11:58:04","guid":{"rendered":"http:\/\/www.radiopresidenteibanez.cl\/web\/?p=5315"},"modified":"2019-06-24T11:58:39","modified_gmt":"2019-06-24T11:58:39","slug":"llaman-a-la-precaucion-durante-esta-semana-por-bajas-temperaturas","status":"publish","type":"post","link":"https:\/\/www.radiopresidenteibanez.cl\/web\/llaman-a-la-precaucion-durante-esta-semana-por-bajas-temperaturas\/","title":{"rendered":"LLAMAN A LA PRECAUCI\u00d3N DURANTE ESTA SEMANA POR BAJAS TEMPERATURAS"},"content":{"rendered":"\n<p>La Direcci\u00f3n Regional de ONEMI Magallanes, en base al Pron\u00f3stico p\u00fablico, emitido por el Centro Meteorol\u00f3gico Regional Austral: informa a la comunidad que dada la condici\u00f3n meteorol\u00f3gica que se presentara en la regi\u00f3n a partir de esta noche y hasta el d\u00eda viernes 28 del presente mes, la que traer\u00e1 bajas temperaturas en general, las m\u00ednimas entre -1\u00b0 C y -4\u00b0 C; y temperaturas m\u00e1ximas de entre -2\u00b0C y +5\u00b0C; adem\u00e1s de chubascos de nieve y aguanieve, adem\u00e1s de viento d\u00e9bil a normal de hasta 70 km\/h.<\/p>\n\n\n\n<p>Por ende, recomendamos a quienes tengan que desplazarse, durante estos d\u00edas, por la Ruta 9 norte, hacia y desde Puerto Natales y hacia el sector sur de Punta Arenas y considerando tambi\u00e9n distintas rutas de la regi\u00f3n, realizar este trayecto con m\u00e1xima precauci\u00f3n, por la presencia de escarcha, llevar consigo cadenas en caso de ser necesario.<\/p>\n\n\n\n<figure class=\"wp-block-image\"><img loading=\"lazy\" decoding=\"async\" width=\"1024\" height=\"540\" src=\"http:\/\/www.radiopresidenteibanez.cl\/web\/wp-content\/uploads\/2019\/01\/panoramica-punta-arenas-1024x540.jpg\" alt=\"\" class=\"wp-image-740\" srcset=\"https:\/\/www.radiopresidenteibanez.cl\/web\/wp-content\/uploads\/2019\/01\/panoramica-punta-arenas-1024x540.jpg 1024w, https:\/\/www.radiopresidenteibanez.cl\/web\/wp-content\/uploads\/2019\/01\/panoramica-punta-arenas-300x158.jpg 300w, https:\/\/www.radiopresidenteibanez.cl\/web\/wp-content\/uploads\/2019\/01\/panoramica-punta-arenas-768x405.jpg 768w, https:\/\/www.radiopresidenteibanez.cl\/web\/wp-content\/uploads\/2019\/01\/panoramica-punta-arenas.jpg 1440w\" sizes=\"auto, (max-width: 1024px) 100vw, 1024px\" \/><\/figure>\n","protected":false},"excerpt":{"rendered":"<p>La Direcci\u00f3n Regional de ONEMI Magallanes, en base al Pron\u00f3stico p\u00fablico, emitido por el Centro Meteorol\u00f3gico Regional Austral: informa a la comunidad que dada la condici\u00f3n meteorol\u00f3gica que se presentara&#8230; <a class=\"read-more\" href=\"https:\/\/www.radiopresidenteibanez.cl\/web\/llaman-a-la-precaucion-durante-esta-semana-por-bajas-temperaturas\/\">Leer m\u00e1s<\/a><\/p>\n","protected":false},"author":2,"featured_media":740,"comment_status":"closed","ping_status":"closed","sticky":false,"template":"","format":"standard","meta":{"footnotes":""},"categories":[1],"tags":[],"class_list":["post-5315","post","type-post","status-publish","format-standard","has-post-thumbnail","hentry","category-cronica"],"_links":{"self":[{"href":"https:\/\/www.radiopresidenteibanez.cl\/web\/wp-json\/wp\/v2\/posts\/5315","targetHints":{"allow":["GET"]}}],"collection":[{"href":"https:\/\/www.radiopresidenteibanez.cl\/web\/wp-json\/wp\/v2\/posts"}],"about":[{"href":"https:\/\/www.radiopresidenteibanez.cl\/web\/wp-json\/wp\/v2\/types\/post"}],"author":[{"embeddable":true,"href":"https:\/\/www.radiopresidenteibanez.cl\/web\/wp-json\/wp\/v2\/users\/2"}],"replies":[{"embeddable":true,"href":"https:\/\/www.radiopresidenteibanez.cl\/web\/wp-json\/wp\/v2\/comments?post=5315"}],"version-history":[{"count":0,"href":"https:\/\/www.radiopresidenteibanez.cl\/web\/wp-json\/wp\/v2\/posts\/5315\/revisions"}],"wp:featuredmedia":[{"embeddable":true,"href":"https:\/\/www.radiopresidenteibanez.cl\/web\/wp-json\/wp\/v2\/media\/740"}],"wp:attachment":[{"href":"https:\/\/www.radiopresidenteibanez.cl\/web\/wp-json\/wp\/v2\/media?parent=5315"}],"wp:term":[{"taxonomy":"category","embeddable":true,"href":"https:\/\/www.radiopresidenteibanez.cl\/web\/wp-json\/wp\/v2\/categories?post=5315"},{"taxonomy":"post_tag","embeddable":true,"href":"https:\/\/www.radiopresidenteibanez.cl\/web\/wp-json\/wp\/v2\/tags?post=5315"}],"curies":[{"name":"wp","href":"https:\/\/api.w.org\/{rel}","templated":true}]}}