{"id":53134,"date":"2024-12-19T13:13:00","date_gmt":"2024-12-19T16:13:00","guid":{"rendered":"https:\/\/www.radiopresidenteibanez.cl\/web\/?p=53134"},"modified":"2024-12-19T10:42:53","modified_gmt":"2024-12-19T13:42:53","slug":"destacan-rol-de-tabsa-en-conectividad-a-navarino-y-puerto-toro","status":"publish","type":"post","link":"https:\/\/www.radiopresidenteibanez.cl\/web\/destacan-rol-de-tabsa-en-conectividad-a-navarino-y-puerto-toro\/","title":{"rendered":"Destacan rol de TABSA en conectividad a Navarino y Puerto Toro"},"content":{"rendered":"\n<p>Junto a su familia, Juan Concha, poblador de Puerto Toro, particip\u00f3 de una breve pero significativa ceremonia que se desarroll\u00f3 en uno de los ferries de TABSA el lunes 16 de diciembre, en la que la empresa Walmart, propietaria de la cadena de supermercados L\u00edder, realiz\u00f3 un reconocimiento a los habitantes de la localidad m\u00e1s austral de Chile, como as\u00ed tambi\u00e9n al esfuerzo log\u00edstico que realizan ambas empresas por abastecer a la Provincia Ant\u00e1rtica.<\/p>\n\n\n\n<p>\u201cEs super bueno que nos consideren, que se acuerden que existe un pueblito que se llama Puerto Toro. Es sumamente importante lo que hace L\u00edder, de llegar a Williams y Puerto Toro, al igual que el servicio que presta TABSA\u201d, agradeci\u00f3 el poblador.<\/p>\n\n\n\n<p>En la ceremonia, que estuvo encabezada por Kathryn McLay, CEO de Walmart Internacional y por el Gerente General de TABSA, Crist\u00f3bal Kulczewski, se hizo entrega de una caja con v\u00edveres que ser\u00e1 trasladada hasta Puerto Toro con productos que mantienen los precios de Punta Arenas y que aprovechan el subsidio al transporte posibilitando el env\u00edo sin un costo adicional para las familias.<\/p>\n\n\n\n<p>Rodrigo Ruiz, Gerente de Relaciones Comunitarias de Walmart explic\u00f3 que la empresa quiso relevar que Walmart Chile est\u00e1 llegando a todos los rincones del pa\u00eds como Puerto Toro. \u201cEstamos muy agradecidos de lo que hace TABSA, es fundamental, porque no solo llevan nuestros productos, sino que tambi\u00e9n acercan los territorios alejados donde la gente puede acceder a los mismos precios que cualquier otro habitante de Chile\u201d.<\/p>\n\n\n\n<p>Finalmente, Crist\u00f3bal Kulczewski, destac\u00f3 los m\u00e1s de 30 a\u00f1os de experiencia log\u00edstica de TABSA hacia la Provincia Ant\u00e1rtica. \u201cSabemos que cumplimos un rol fundamental en el desarrollo de esa alejada y hermosa zona de nuestro pa\u00eds y por ello felicitamos los esfuerzos de Walmart por dar visibilidad y apoyar a las familias que hacen soberan\u00eda en el canal Beagle. Es importante reconocer tambi\u00e9n al Ministerio de Transportes por el subsidio a la ruta y residentes, lo que permite que esto sea posible\u201d,&nbsp;resalt\u00f3.<\/p>\n","protected":false},"excerpt":{"rendered":"<p>Junto a su familia, Juan Concha, poblador de Puerto Toro, particip\u00f3 de una breve pero significativa ceremonia que se desarroll\u00f3 en uno de los ferries de TABSA el lunes 16&#8230; <a class=\"read-more\" href=\"https:\/\/www.radiopresidenteibanez.cl\/web\/destacan-rol-de-tabsa-en-conectividad-a-navarino-y-puerto-toro\/\">Leer m\u00e1s<\/a><\/p>\n","protected":false},"author":2,"featured_media":53135,"comment_status":"closed","ping_status":"closed","sticky":false,"template":"","format":"standard","meta":{"footnotes":""},"categories":[1],"tags":[],"class_list":["post-53134","post","type-post","status-publish","format-standard","has-post-thumbnail","hentry","category-cronica"],"_links":{"self":[{"href":"https:\/\/www.radiopresidenteibanez.cl\/web\/wp-json\/wp\/v2\/posts\/53134","targetHints":{"allow":["GET"]}}],"collection":[{"href":"https:\/\/www.radiopresidenteibanez.cl\/web\/wp-json\/wp\/v2\/posts"}],"about":[{"href":"https:\/\/www.radiopresidenteibanez.cl\/web\/wp-json\/wp\/v2\/types\/post"}],"author":[{"embeddable":true,"href":"https:\/\/www.radiopresidenteibanez.cl\/web\/wp-json\/wp\/v2\/users\/2"}],"replies":[{"embeddable":true,"href":"https:\/\/www.radiopresidenteibanez.cl\/web\/wp-json\/wp\/v2\/comments?post=53134"}],"version-history":[{"count":0,"href":"https:\/\/www.radiopresidenteibanez.cl\/web\/wp-json\/wp\/v2\/posts\/53134\/revisions"}],"wp:featuredmedia":[{"embeddable":true,"href":"https:\/\/www.radiopresidenteibanez.cl\/web\/wp-json\/wp\/v2\/media\/53135"}],"wp:attachment":[{"href":"https:\/\/www.radiopresidenteibanez.cl\/web\/wp-json\/wp\/v2\/media?parent=53134"}],"wp:term":[{"taxonomy":"category","embeddable":true,"href":"https:\/\/www.radiopresidenteibanez.cl\/web\/wp-json\/wp\/v2\/categories?post=53134"},{"taxonomy":"post_tag","embeddable":true,"href":"https:\/\/www.radiopresidenteibanez.cl\/web\/wp-json\/wp\/v2\/tags?post=53134"}],"curies":[{"name":"wp","href":"https:\/\/api.w.org\/{rel}","templated":true}]}}