{"id":53115,"date":"2024-12-18T17:53:00","date_gmt":"2024-12-18T20:53:00","guid":{"rendered":"https:\/\/www.radiopresidenteibanez.cl\/web\/?p=53115"},"modified":"2024-12-18T10:37:30","modified_gmt":"2024-12-18T13:37:30","slug":"programa-piloto-de-innovacion-del-fosis-beneficio-a-50-jovenes-y-adultos-con-discapacidad-y-sus-cuidadores-2","status":"publish","type":"post","link":"https:\/\/www.radiopresidenteibanez.cl\/web\/programa-piloto-de-innovacion-del-fosis-beneficio-a-50-jovenes-y-adultos-con-discapacidad-y-sus-cuidadores-2\/","title":{"rendered":"Programa piloto de innovaci\u00f3n del FOSIS benefici\u00f3 a 50 j\u00f3venes y adultos con discapacidad y sus cuidadores"},"content":{"rendered":"\n<p>\u201cCamino a la Inclusi\u00f3n Laboral\u201d se denomin\u00f3 la iniciativa presentada y adjudicada por la<br>Corporaci\u00f3n Manos de Hermanos, organizaci\u00f3n que busca entregar espacios para que personas<br>con discapacidad intelectual puedan mantener y desarrollar las habilidades que van adquiriendo<br>durante su estad\u00eda en este lugar.<br>A trav\u00e9s del programa INNOVA FOSIS, ejecutado durante 6 meses, se trabaj\u00f3 en el desarrollo de<br>habilidades pre laborales y de permanencia laboral, favoreciendo la inclusi\u00f3n y promoviendo la<br>autonom\u00eda de los participantes.<br>Lo anterior, a trav\u00e9s de actividades relacionadas con la intermediaci\u00f3n laboral, para desarrollar y<br>potenciar habilidades que favorezcan el desempe\u00f1o sociolaboral, con la planificaci\u00f3n y ejecuci\u00f3n<br>de talleres en materias de manejo del dinero, creaci\u00f3n de curr\u00edculum vitae, herramientas<br>tecnol\u00f3gicas, entre otras.<br>Igualmente, se promovi\u00f3 la inclusi\u00f3n laboral a trav\u00e9s de la realizaci\u00f3n de un catastro de empresas<br>regionales con el objetivo de generar una vinculaci\u00f3n laboral con los potenciales empleadores y<br>hacer un seguimiento a personas con discapacidad al momento de estar trabajando.<br>El director regional del Fondo de Solidaridad e Inversi\u00f3n Social (FOSIS), Felipe Jeria Palma, explic\u00f3<br>que \u201ceste piloto tuvo como prop\u00f3sito trabajar materias de inclusi\u00f3n laboral generando una red<br>colaborativa en la cual se pudieran ir capacitando, tanto las personas con discapacidad que est\u00e1n<br>en la b\u00fasqueda de alg\u00fan trabajo como sus redes de apoyo, pero tambi\u00e9n convocando a las<br>empresas, a aquellas instituciones que efectivamente tienen que romper con una cultura muy<br>asentada que tiene que ver con una inclusi\u00f3n laboral efectiva y ah\u00ed lo que estuvo haciendo la<br>Corporaci\u00f3n, por intermedio de su taller, fue capacitar y robustecer esta red para que se generen<br>m\u00e1s y mejores oportunidades de inclusi\u00f3n laboral para personas con discapacidad\u201d.<br>Por su parte, una de las representantes de la Corporaci\u00f3n Manos de Hermanos, Nora Quijada,<br>destac\u00f3 que \u201cuno de los grandes objetivos cumplidos es habernos integrado y trabajado de<br>manera colaborativa con empresas de la regi\u00f3n, fueron varias las que nos apoyaron en esta<br>iniciativa y obviamente fundamental el desarrollo que han experimentado nuestros beneficiarios<br>con este proyecto que nos adjudic\u00f3 el FOSIS, que para el taller laboral Manos de Hermanos fue un<br>desaf\u00edo tremendo ejecutarlo\u2026 creo lo hemos logrado, pero la satisfacci\u00f3n m\u00e1s grande es apoyar a<br>los j\u00f3venes y adultos con discapacidad, han aprendido a manejarse un poco m\u00e1s en sociedad,<br>relacionarse entre ellos mismos y han aprendido a insertarse al campo laboral\u201d.<br>Finalmente, el Seremi de Desarrollo Social y Familia, Danilo Mimica Mansilla, valor\u00f3 la iniciativa<\/p>\n\n\n\n<p>ejecutada, no s\u00f3lo por considerar a los j\u00f3venes y adultos con discapacidad en la participaci\u00f3n en<br>este programa, sino tambi\u00e9n por involucrar tambi\u00e9n a sus cuidadores, \u00e1mbito de suma relevancia<br>para el Sistema Nacional de Apoyos y Cuidados.<br>Cabe destacar que la inversi\u00f3n del FOSIS para esta iniciativa ascendi\u00f3 a los 50 millones de pesos.<\/p>\n","protected":false},"excerpt":{"rendered":"<p>\u201cCamino a la Inclusi\u00f3n Laboral\u201d se denomin\u00f3 la iniciativa presentada y adjudicada por laCorporaci\u00f3n Manos de Hermanos, organizaci\u00f3n que busca entregar espacios para que personascon discapacidad intelectual puedan mantener y&#8230; <a class=\"read-more\" href=\"https:\/\/www.radiopresidenteibanez.cl\/web\/programa-piloto-de-innovacion-del-fosis-beneficio-a-50-jovenes-y-adultos-con-discapacidad-y-sus-cuidadores-2\/\">Leer m\u00e1s<\/a><\/p>\n","protected":false},"author":2,"featured_media":53116,"comment_status":"closed","ping_status":"closed","sticky":false,"template":"","format":"standard","meta":{"footnotes":""},"categories":[1],"tags":[],"class_list":["post-53115","post","type-post","status-publish","format-standard","has-post-thumbnail","hentry","category-cronica"],"_links":{"self":[{"href":"https:\/\/www.radiopresidenteibanez.cl\/web\/wp-json\/wp\/v2\/posts\/53115","targetHints":{"allow":["GET"]}}],"collection":[{"href":"https:\/\/www.radiopresidenteibanez.cl\/web\/wp-json\/wp\/v2\/posts"}],"about":[{"href":"https:\/\/www.radiopresidenteibanez.cl\/web\/wp-json\/wp\/v2\/types\/post"}],"author":[{"embeddable":true,"href":"https:\/\/www.radiopresidenteibanez.cl\/web\/wp-json\/wp\/v2\/users\/2"}],"replies":[{"embeddable":true,"href":"https:\/\/www.radiopresidenteibanez.cl\/web\/wp-json\/wp\/v2\/comments?post=53115"}],"version-history":[{"count":0,"href":"https:\/\/www.radiopresidenteibanez.cl\/web\/wp-json\/wp\/v2\/posts\/53115\/revisions"}],"wp:featuredmedia":[{"embeddable":true,"href":"https:\/\/www.radiopresidenteibanez.cl\/web\/wp-json\/wp\/v2\/media\/53116"}],"wp:attachment":[{"href":"https:\/\/www.radiopresidenteibanez.cl\/web\/wp-json\/wp\/v2\/media?parent=53115"}],"wp:term":[{"taxonomy":"category","embeddable":true,"href":"https:\/\/www.radiopresidenteibanez.cl\/web\/wp-json\/wp\/v2\/categories?post=53115"},{"taxonomy":"post_tag","embeddable":true,"href":"https:\/\/www.radiopresidenteibanez.cl\/web\/wp-json\/wp\/v2\/tags?post=53115"}],"curies":[{"name":"wp","href":"https:\/\/api.w.org\/{rel}","templated":true}]}}